{"id":10321,"date":"2015-02-22T18:52:53","date_gmt":"2015-02-22T17:52:53","guid":{"rendered":"http:\/\/www.blog.kepfenyezo.hu\/?p=10321"},"modified":"2015-03-21T08:14:10","modified_gmt":"2015-03-21T07:14:10","slug":"oromteli-valtozasok-a-kepfenyezo-csapatban","status":"publish","type":"post","link":"https:\/\/www.kepfenyezo.hu\/blog\/mindenmas\/oromteli-valtozasok-a-kepfenyezo-csapatban\/","title":{"rendered":"\u00d6r\u00f6mteli v\u00e1ltoz\u00e1sok a K\u00e9pf\u00e9nyez\u0151 csapatban"},"content":{"rendered":"<p>N\u00e9h\u00e1ny szem\u00e9lyes gondolat k\u00f6vetkezik a K\u00e9pf\u00e9nyez\u0151 csapat h\u00e1za t\u00e1j\u00e1r\u00f3l. \u00d6r\u00f6mteli h\u00edreink vannak ugyanis: id\u00e9n Eszter \u00e9s Juli is \u00faj t\u00e1rsas\u00e1ggal t\u00f6lti mindennapjait. :)<br \/>\nNagy \u00f6r\u00f6mmel v\u00e1rt csal\u00e1dtagok \u0151k, akiket nagy szeretettel v\u00e1rtunk, \u00e9s h\u00e1l\u00e1sak vagyunk az \u00e9rkez\u00e9s\u00fck\u00e9rt \u2013 \u00e9s nem is szeretn\u00e9nk \u0151ket eg\u00e9sz napokra egyed\u00fcl hagyni. Ez\u00e9rt a h\u00f6lgyek (Eszter \u00e9s Juli) \u00fagy t\u0171nik, hogy id\u00e9n nem fognak esk\u00fcv\u0151k\u00f6n fot\u00f3zni \u2013 b\u00e1r a f\u00e9nyk\u00e9pez\u0151g\u00e9pet nem fogj\u00e1k az\u00e9rt elfelejteni eg\u00e9szen. :)<\/p>\n<div data-carousel-extra='{\"blog_id\":1,\"permalink\":\"https:\\\/\\\/www.kepfenyezo.hu\\\/blog\\\/mindenmas\\\/oromteli-valtozasok-a-kepfenyezo-csapatban\\\/\"}' class=\"tiled-gallery type-rectangular\" data-original-width=\"756\"><div class=\"gallery-row\" style=\"width: 751px; height: 557px;\"><div class=\"gallery-group images-1\" style=\"width: 376px; height: 561px;\"><div class=\"tiled-gallery-item tiled-gallery-item-large\"><a href=\"https:\/\/www.kepfenyezo.hu\/blog\/wp-content\/uploads\/2015\/02\/IMG_1646.jpg\"><img data-attachment-id=\"10324\" data-orig-file=\"https:\/\/www.kepfenyezo.hu\/blog\/wp-content\/uploads\/2015\/02\/IMG_1646.jpg\" data-orig-size=\"800,1200\" data-comments-opened=\"0\" data-image-meta=\"{&quot;aperture&quot;:&quot;1.4&quot;,&quot;credit&quot;:&quot;&quot;,&quot;camera&quot;:&quot;Canon EOS 5D&quot;,&quot;caption&quot;:&quot;&quot;,&quot;created_timestamp&quot;:&quot;1420903725&quot;,&quot;copyright&quot;:&quot;&quot;,&quot;focal_length&quot;:&quot;35&quot;,&quot;iso&quot;:&quot;500&quot;,&quot;shutter_speed&quot;:&quot;0.004&quot;,&quot;title&quot;:&quot;&quot;,&quot;orientation&quot;:&quot;0&quot;}\" data-image-title=\"IMG_1646\" data-image-description=\"\" data-medium-file=\"https:\/\/www.kepfenyezo.hu\/blog\/wp-content\/uploads\/2015\/02\/IMG_1646-200x300.jpg\" data-large-file=\"https:\/\/www.kepfenyezo.hu\/blog\/wp-content\/uploads\/2015\/02\/IMG_1646-467x700.jpg\" src=\"https:\/\/www.kepfenyezo.hu\/blog\/wp-content\/uploads\/2015\/02\/IMG_1646-372x557.jpg\" width=\"372\" height=\"557\" align=\"left\" title=\"IMG_1646\" \/><\/a><\/div><\/div><div class=\"gallery-group images-1\" style=\"width: 375px; height: 561px;\"><div class=\"tiled-gallery-item tiled-gallery-item-large\"><a href=\"https:\/\/www.kepfenyezo.hu\/blog\/wp-content\/uploads\/2015\/02\/IMG_9826.jpg\"><img data-attachment-id=\"10325\" data-orig-file=\"https:\/\/www.kepfenyezo.hu\/blog\/wp-content\/uploads\/2015\/02\/IMG_9826.jpg\" data-orig-size=\"800,1200\" data-comments-opened=\"0\" data-image-meta=\"{&quot;aperture&quot;:&quot;2.8&quot;,&quot;credit&quot;:&quot;&quot;,&quot;camera&quot;:&quot;Canon EOS 5D&quot;,&quot;caption&quot;:&quot;&quot;,&quot;created_timestamp&quot;:&quot;1415701759&quot;,&quot;copyright&quot;:&quot;&quot;,&quot;focal_length&quot;:&quot;35&quot;,&quot;iso&quot;:&quot;800&quot;,&quot;shutter_speed&quot;:&quot;0.0125&quot;,&quot;title&quot;:&quot;&quot;,&quot;orientation&quot;:&quot;0&quot;}\" data-image-title=\"IMG_9826\" data-image-description=\"\" data-medium-file=\"https:\/\/www.kepfenyezo.hu\/blog\/wp-content\/uploads\/2015\/02\/IMG_9826-200x300.jpg\" data-large-file=\"https:\/\/www.kepfenyezo.hu\/blog\/wp-content\/uploads\/2015\/02\/IMG_9826-467x700.jpg\" src=\"https:\/\/www.kepfenyezo.hu\/blog\/wp-content\/uploads\/2015\/02\/IMG_9826-371x557.jpg\" width=\"371\" height=\"557\" align=\"left\" title=\"IMG_9826\" \/><\/a><\/div><\/div><\/div><div class=\"gallery-row\" style=\"width: 751px; height: 498px;\"><div class=\"gallery-group images-1\" style=\"width: 751px; height: 502px;\"><div class=\"tiled-gallery-item tiled-gallery-item-large\"><a href=\"https:\/\/www.kepfenyezo.hu\/blog\/wp-content\/uploads\/2015\/02\/IMG_1529.jpg\"><img data-attachment-id=\"10323\" data-orig-file=\"https:\/\/www.kepfenyezo.hu\/blog\/wp-content\/uploads\/2015\/02\/IMG_1529.jpg\" data-orig-size=\"1200,800\" data-comments-opened=\"0\" data-image-meta=\"{&quot;aperture&quot;:&quot;2&quot;,&quot;credit&quot;:&quot;&quot;,&quot;camera&quot;:&quot;Canon EOS 5D&quot;,&quot;caption&quot;:&quot;&quot;,&quot;created_timestamp&quot;:&quot;1420884777&quot;,&quot;copyright&quot;:&quot;&quot;,&quot;focal_length&quot;:&quot;35&quot;,&quot;iso&quot;:&quot;500&quot;,&quot;shutter_speed&quot;:&quot;0.02&quot;,&quot;title&quot;:&quot;&quot;,&quot;orientation&quot;:&quot;0&quot;}\" data-image-title=\"IMG_1529\" data-image-description=\"\" data-medium-file=\"https:\/\/www.kepfenyezo.hu\/blog\/wp-content\/uploads\/2015\/02\/IMG_1529-400x267.jpg\" data-large-file=\"https:\/\/www.kepfenyezo.hu\/blog\/wp-content\/uploads\/2015\/02\/IMG_1529-700x467.jpg\" src=\"https:\/\/www.kepfenyezo.hu\/blog\/wp-content\/uploads\/2015\/02\/IMG_1529-747x498.jpg\" width=\"747\" height=\"498\" align=\"left\" title=\"IMG_1529\" \/><\/a><\/div><\/div><\/div><\/div>\n<p>&nbsp;<\/p>\n<div data-carousel-extra='{\"blog_id\":1,\"permalink\":\"https:\\\/\\\/www.kepfenyezo.hu\\\/blog\\\/mindenmas\\\/oromteli-valtozasok-a-kepfenyezo-csapatban\\\/\"}' class=\"tiled-gallery type-rectangular\" data-original-width=\"756\"><div class=\"gallery-row\" style=\"width: 751px; height: 526px;\"><div class=\"gallery-group images-1\" style=\"width: 354px; height: 530px;\"><div class=\"tiled-gallery-item tiled-gallery-item-large\"><a href=\"https:\/\/www.kepfenyezo.hu\/blog\/wp-content\/uploads\/2015\/02\/zsombor-002.jpg\"><img data-attachment-id=\"10344\" data-orig-file=\"https:\/\/www.kepfenyezo.hu\/blog\/wp-content\/uploads\/2015\/02\/zsombor-002.jpg\" data-orig-size=\"599,900\" data-comments-opened=\"0\" data-image-meta=\"{&quot;aperture&quot;:&quot;1.8&quot;,&quot;credit&quot;:&quot;Mitcsenkov Attila&quot;,&quot;camera&quot;:&quot;NIKON D700&quot;,&quot;caption&quot;:&quot;&quot;,&quot;created_timestamp&quot;:&quot;1422291600&quot;,&quot;copyright&quot;:&quot;(C) Mitcsenkov Attila&quot;,&quot;focal_length&quot;:&quot;35&quot;,&quot;iso&quot;:&quot;1600&quot;,&quot;shutter_speed&quot;:&quot;0.008&quot;,&quot;title&quot;:&quot;&quot;,&quot;orientation&quot;:&quot;0&quot;}\" data-image-title=\"zsombor-002\" data-image-description=\"\" data-medium-file=\"https:\/\/www.kepfenyezo.hu\/blog\/wp-content\/uploads\/2015\/02\/zsombor-002-200x300.jpg\" data-large-file=\"https:\/\/www.kepfenyezo.hu\/blog\/wp-content\/uploads\/2015\/02\/zsombor-002-466x700.jpg\" src=\"https:\/\/www.kepfenyezo.hu\/blog\/wp-content\/uploads\/2015\/02\/zsombor-002-350x526.jpg\" width=\"350\" height=\"526\" align=\"left\" title=\"zsombor-002\" \/><\/a><\/div><\/div><div class=\"gallery-group images-2\" style=\"width: 397px; height: 530px;\"><div class=\"tiled-gallery-item tiled-gallery-item-large\"><a href=\"https:\/\/www.kepfenyezo.hu\/blog\/wp-content\/uploads\/2015\/02\/zsombor-003.jpg\"><img data-attachment-id=\"10335\" data-orig-file=\"https:\/\/www.kepfenyezo.hu\/blog\/wp-content\/uploads\/2015\/02\/zsombor-003.jpg\" data-orig-size=\"1200,798\" data-comments-opened=\"0\" data-image-meta=\"{&quot;aperture&quot;:&quot;1.8&quot;,&quot;credit&quot;:&quot;Mitcsenkov Attila&quot;,&quot;camera&quot;:&quot;NIKON D700&quot;,&quot;caption&quot;:&quot;&quot;,&quot;created_timestamp&quot;:&quot;1422291627&quot;,&quot;copyright&quot;:&quot;(C) Mitcsenkov Attila&quot;,&quot;focal_length&quot;:&quot;35&quot;,&quot;iso&quot;:&quot;1250&quot;,&quot;shutter_speed&quot;:&quot;0.008&quot;,&quot;title&quot;:&quot;&quot;,&quot;orientation&quot;:&quot;0&quot;}\" data-image-title=\"zsombor-003\" data-image-description=\"\" data-medium-file=\"https:\/\/www.kepfenyezo.hu\/blog\/wp-content\/uploads\/2015\/02\/zsombor-003-400x266.jpg\" data-large-file=\"https:\/\/www.kepfenyezo.hu\/blog\/wp-content\/uploads\/2015\/02\/zsombor-003-700x466.jpg\" src=\"https:\/\/www.kepfenyezo.hu\/blog\/wp-content\/uploads\/2015\/02\/zsombor-003-393x261.jpg\" width=\"393\" height=\"261\" align=\"left\" title=\"zsombor-003\" \/><\/a><\/div><div class=\"tiled-gallery-item tiled-gallery-item-large\"><a href=\"https:\/\/www.kepfenyezo.hu\/blog\/wp-content\/uploads\/2015\/02\/eszter-001.jpg\"><img data-attachment-id=\"10327\" data-orig-file=\"https:\/\/www.kepfenyezo.hu\/blog\/wp-content\/uploads\/2015\/02\/eszter-001.jpg\" data-orig-size=\"1200,798\" data-comments-opened=\"0\" data-image-meta=\"{&quot;aperture&quot;:&quot;2&quot;,&quot;credit&quot;:&quot;Mitcsenkov Attila&quot;,&quot;camera&quot;:&quot;NIKON D700&quot;,&quot;caption&quot;:&quot;&quot;,&quot;created_timestamp&quot;:&quot;1414845871&quot;,&quot;copyright&quot;:&quot;(C) Mitcsenkov Attila&quot;,&quot;focal_length&quot;:&quot;50&quot;,&quot;iso&quot;:&quot;200&quot;,&quot;shutter_speed&quot;:&quot;0.00025&quot;,&quot;title&quot;:&quot;&quot;,&quot;orientation&quot;:&quot;0&quot;}\" data-image-title=\"eszter-001\" data-image-description=\"\" data-medium-file=\"https:\/\/www.kepfenyezo.hu\/blog\/wp-content\/uploads\/2015\/02\/eszter-001-400x266.jpg\" data-large-file=\"https:\/\/www.kepfenyezo.hu\/blog\/wp-content\/uploads\/2015\/02\/eszter-001-700x466.jpg\" src=\"https:\/\/www.kepfenyezo.hu\/blog\/wp-content\/uploads\/2015\/02\/eszter-001-393x261.jpg\" width=\"393\" height=\"261\" align=\"left\" title=\"eszter-001\" \/><\/a><\/div><\/div><\/div><\/div>\n<p>Ugyanakkor t\u00f6bbsz\u00f6r elmondtuk \u00e9s le\u00edrtuk, hogy esk\u00fcv\u0151t fot\u00f3zni egyed\u00fcl is lehet\u2026 de igaz\u00e1n p\u00e1rban j\u00f3. \u00cdgy azt\u00e1n Attila id\u00e9n sem marad egyed\u00fcl \u2013 r\u00e1ad\u00e1sul, az \u00e1lland\u00f3s\u00e1g jegy\u00e9ben Eszter helyett Eszter \u00e9rkezik a K\u00e9pf\u00e9nyez\u0151 csapatba. :) \u00c9pp a legjobbkor der\u00fclt ki ugyanis, hogy Beliczay Eszter, aki n\u00e9h\u00e1ny \u00e9ve m\u00e9g a f\u00e9nyk\u00e9pez\u0151g\u00e9p\u00fcnk m\u00e1sik oldal\u00e1n ragyogott Bence mellett, igaz\u00e1b\u00f3l sz\u00edvesen \u00e1tk\u00e9redzkedne erre az oldalra is.<\/p>\n<p><img loading=\"lazy\" class=\" size-large wp-image-10464 aligncenter\" src=\"https:\/\/www.kepfenyezo.hu\/blog\/wp-content\/uploads\/2015\/02\/eszter-10-700x466.jpg\" alt=\"eszter-10\" width=\"700\" height=\"466\" srcset=\"https:\/\/www.kepfenyezo.hu\/blog\/wp-content\/uploads\/2015\/02\/eszter-10-700x466.jpg 700w, https:\/\/www.kepfenyezo.hu\/blog\/wp-content\/uploads\/2015\/02\/eszter-10-400x266.jpg 400w, https:\/\/www.kepfenyezo.hu\/blog\/wp-content\/uploads\/2015\/02\/eszter-10.jpg 1200w\" sizes=\"(max-width: 700px) 100vw, 700px\" \/><\/p>\n<p>Sz\u00f3 sz\u00f3t k\u00f6vetett, elkezdt\u00fcnk besz\u00e9lgetni, azt\u00e1n tavaly egy esk\u00fcv\u0151n m\u00e1r dolgoztunk is egy\u00fctt, \u00e9s kider\u00fclt, hogy igaz\u00e1n k\u00f6z\u00e9nk ill\u0151 teremt\u00e9s \u0151. El\u0151sz\u00f6r is: az \u00e9let legfontosabb, lelki k\u00e9rd\u00e9seir\u0151l vele is hasonl\u00f3an gondolkodunk \u2013 e n\u00e9lk\u00fcl neh\u00e9z is volna egy\u00fctt dolgozni. Ezt persze m\u00e1r kor\u00e1bban is tudtuk, ismerj\u00fck egym\u00e1st hossz\u00fa \u00e9vek \u00f3ta. Az viszont csak mostan\u00e1ban der\u00fclt ki, hogy nem csak hogy meggy\u0151z\u0151 tudatoss\u00e1ggal kezdett a technikai tr\u00fckk\u00f6kbe beletanulni, de igen j\u00f3 szeme \u00e9s \u201ek\u00e9p-\u00e9rz\u00e9ke\u201d is van, \u00fagyhogy felk\u00e9rt\u00fck a csapat \u201en\u0151i szemp\u00e1rj\u00e1nak\u201d szerep\u00e9re. Fogadj\u00e1tok teh\u00e1t szeretettel id\u00e9n a K\u00e9pf\u00e9nyez\u0151 csapat\u00e1ban <a href=\"https:\/\/www.kepfenyezo.hu\/eskuvo\/rolunk\/b-eszter\/\">Esztert<\/a>! Bemutatkoz\u00f3 oldal\u00e1t a <a href=\"https:\/\/www.kepfenyezo.hu\/eskuvo\/rolunk\/b-eszter\/\">K\u00e9pf\u00e9nyez\u0151 weboldalon <\/a>tal\u00e1lhatj\u00e1tok.<\/p>\n","protected":false},"excerpt":{"rendered":"<p>N\u00e9h\u00e1ny szem\u00e9lyes gondolat k\u00f6vetkezik a K\u00e9pf\u00e9nyez\u0151 csapat h\u00e1za t\u00e1j\u00e1r\u00f3l. \u00d6r\u00f6mteli h\u00edreink vannak ugyanis: id\u00e9n Eszter \u00e9s Juli is \u00faj t\u00e1rsas\u00e1ggal t\u00f6lti mindennapjait. :) Nagy \u00f6r\u00f6mmel v\u00e1rt csal\u00e1dtagok \u0151k, akiket nagy szeretettel v\u00e1rtunk, \u00e9s h\u00e1l\u00e1sak vagyunk az \u00e9rkez\u00e9s\u00fck\u00e9rt \u2013 \u00e9s nem is szeretn\u00e9nk \u0151ket eg\u00e9sz napokra egyed\u00fcl hagyni. Ez\u00e9rt a h\u00f6lgyek (Eszter \u00e9s Juli) \u00fagy t\u0171nik, [&hellip;]<\/p>\n","protected":false},"author":13,"featured_media":0,"comment_status":"closed","ping_status":"open","sticky":false,"template":"","format":"standard","meta":{"_links_to":"","_links_to_target":""},"categories":[1],"tags":[],"_links":{"self":[{"href":"https:\/\/www.kepfenyezo.hu\/blog\/wp-json\/wp\/v2\/posts\/10321"}],"collection":[{"href":"https:\/\/www.kepfenyezo.hu\/blog\/wp-json\/wp\/v2\/posts"}],"about":[{"href":"https:\/\/www.kepfenyezo.hu\/blog\/wp-json\/wp\/v2\/types\/post"}],"author":[{"embeddable":true,"href":"https:\/\/www.kepfenyezo.hu\/blog\/wp-json\/wp\/v2\/users\/13"}],"replies":[{"embeddable":true,"href":"https:\/\/www.kepfenyezo.hu\/blog\/wp-json\/wp\/v2\/comments?post=10321"}],"version-history":[{"count":12,"href":"https:\/\/www.kepfenyezo.hu\/blog\/wp-json\/wp\/v2\/posts\/10321\/revisions"}],"predecessor-version":[{"id":10465,"href":"https:\/\/www.kepfenyezo.hu\/blog\/wp-json\/wp\/v2\/posts\/10321\/revisions\/10465"}],"wp:attachment":[{"href":"https:\/\/www.kepfenyezo.hu\/blog\/wp-json\/wp\/v2\/media?parent=10321"}],"wp:term":[{"taxonomy":"category","embeddable":true,"href":"https:\/\/www.kepfenyezo.hu\/blog\/wp-json\/wp\/v2\/categories?post=10321"},{"taxonomy":"post_tag","embeddable":true,"href":"https:\/\/www.kepfenyezo.hu\/blog\/wp-json\/wp\/v2\/tags?post=10321"}],"curies":[{"name":"wp","href":"https:\/\/api.w.org\/{rel}","templated":true}]}}