{"id":113,"date":"2008-02-08T19:00:15","date_gmt":"2008-02-08T18:00:15","guid":{"rendered":"http:\/\/www.kepfenyezo.hu\/blog\/kepfenyezo\/?p=113"},"modified":"2016-01-20T08:03:04","modified_gmt":"2016-01-20T07:03:04","slug":"balett-godollo-praga","status":"publish","type":"post","link":"https:\/\/www.kepfenyezo.hu\/blog\/tanc\/balett-godollo-praga\/","title":{"rendered":"Magyar Balett Sz\u00ednh\u00e1z &#038; Praha Ballet Junior"},"content":{"rendered":"<p style=\"text-align: center\"><a title=\"_dsc4133.jpg\" href=\"https:\/\/www.kepfenyezo.hu\/blog\/wp-content\/uploads\/2008\/02\/_dsc4133.jpg\"><img loading=\"lazy\" src=\"https:\/\/www.kepfenyezo.hu\/blog\/wp-content\/uploads\/2008\/02\/_dsc4133.jpg\" alt=\"_dsc4133.jpg\" hspace=\"3\" vspace=\"3\" width=\"201\" height=\"214\" \/><\/a><\/p>\n<p>R\u00e9g\u00f3ta tervezgettem, hogy megkeresek egy balett-t\u00e1rsulatot, akikhez mehetn\u00e9k fot\u00f3zni&#8230; Mert embereket fot\u00f3zni szeretek, t\u00e1ncot m\u00e9gink\u00e1bb, a balett-fot\u00f3z\u00e1s meg r\u00e9g\u00f3ta mozgatja a fant\u00e1zi\u00e1m. A fot\u00f3 ugye r\u00e9gi szerelem, a t\u00e1nc meg a mozg\u00e1s m\u0171v\u00e9szete volna. Ennek egy-egy pillanat\u00e1t meg\u00e1ll\u00edtani, az igaz\u00e1n \u00e9rdekes feladat. A balett pedig ad valami tisztas\u00e1got, egyszer\u0171s\u00e9get \u00e9s sz\u00e9ps\u00e9get az eg\u00e9sznek, a balett-fot\u00f3 egy\u00fcttesre k\u00edv\u00e1ncsi voltam teh\u00e1t. (<em>Emellett ha salsa, tango, &#8230; latin t\u00e1ncosok jelentkezn\u00e9nek n\u00e1lam, hogy fot\u00f3kra v\u00e1gynak, annak is \u00f6r\u00fcln\u00e9k. :) <\/em>)<\/p>\n<p>\u00cdrtam h\u00e1t egy levelet a g\u00f6d\u00f6ll\u0151i Magyar Balett Sz\u00ednh\u00e1znak, akik nagyon kedvesen fogadtak. P\u00e9nteken j\u00e1rtam is n\u00e1luk egy el\u0151ad\u00e1son, illetve az azt megel\u0151z\u0151 pr\u00f3b\u00e1n. Az Pr\u00e1gai Junior Balettel k\u00f6z\u00f6s el\u0151ad\u00e1s remek volt, nagyon \u00e9lveztem, b\u00e1tran merem aj\u00e1nlani mindenkinek.<\/p>\n<p>Fot\u00f3zni szint\u00fagy j\u00f3 volt, m\u00e9g ha eleinte \u00fagy is \u00e9reztem, hogy nincs a vil\u00e1gon elegend\u0151en nagy f\u00e9nyerej\u0171 objekt\u00edv ehhez. A sz\u00ednpadi vil\u00e1g\u00edt\u00e1s ugyanis sz\u00e9p, l\u00e1tv\u00e1nyos \u00e9s hozz\u00e1tesz a t\u00e1nchoz &#8211; de mozg\u00f3 embereket f\u00e9ny n\u00e9lk\u00fcl fot\u00f3zni&#8230; az nem egyszer\u0171.<\/p>\n<p>Rem\u00e9lhet\u0151leg egy sz\u00e9p \u00e9s j\u00f3 egy\u00fcttm\u0171k\u00f6d\u00e9s lehet bel\u0151le (&#8220;this is the beginning of a beautiful friendship&#8221; :) ).<\/p>\n<p align=\"center\"><a title=\"_dsc4266.jpg\" href=\"https:\/\/www.kepfenyezo.hu\/blog\/wp-content\/uploads\/2008\/02\/_dsc4266.jpg\"><img loading=\"lazy\" src=\"https:\/\/www.kepfenyezo.hu\/blog\/wp-content\/uploads\/2008\/02\/_dsc4266.jpg\" alt=\"_dsc4266.jpg\" hspace=\"3\" vspace=\"3\" width=\"201\" height=\"303\" \/><\/a><a title=\"_dsc4246.jpg\" href=\"https:\/\/www.kepfenyezo.hu\/blog\/wp-content\/uploads\/2008\/02\/_dsc4246.jpg\"> <img loading=\"lazy\" src=\"https:\/\/www.kepfenyezo.hu\/blog\/wp-content\/uploads\/2008\/02\/_dsc4246.jpg\" alt=\"_dsc4246.jpg\" hspace=\"3\" vspace=\"3\" width=\"200\" height=\"303\" \/><\/a><\/p>\n<p align=\"center\"><a title=\"_dsc4208.jpg\" href=\"https:\/\/www.kepfenyezo.hu\/blog\/wp-content\/uploads\/2008\/02\/_dsc4208.jpg\"><img loading=\"lazy\" src=\"https:\/\/www.kepfenyezo.hu\/blog\/wp-content\/uploads\/2008\/02\/_dsc4208.jpg\" alt=\"_dsc4208.jpg\" hspace=\"3\" vspace=\"3\" width=\"200\" height=\"301\" \/><\/a><a title=\"_dsc4209.jpg\" href=\"https:\/\/www.kepfenyezo.hu\/blog\/wp-content\/uploads\/2008\/02\/_dsc4209.jpg\"> <img loading=\"lazy\" src=\"https:\/\/www.kepfenyezo.hu\/blog\/wp-content\/uploads\/2008\/02\/_dsc4209.jpg\" alt=\"_dsc4209.jpg\" hspace=\"3\" vspace=\"3\" width=\"200\" height=\"301\" \/><\/a><\/p>\n<p align=\"center\"><a title=\"_dsc4204.jpg\" href=\"https:\/\/www.kepfenyezo.hu\/blog\/wp-content\/uploads\/2008\/02\/_dsc4204.jpg\"><img loading=\"lazy\" src=\"https:\/\/www.kepfenyezo.hu\/blog\/wp-content\/uploads\/2008\/02\/_dsc4204.jpg\" alt=\"_dsc4204.jpg\" hspace=\"3\" vspace=\"3\" width=\"399\" height=\"266\" \/><\/a><\/p>\n<p align=\"center\"><a title=\"_dsc4388.jpg\" href=\"https:\/\/www.kepfenyezo.hu\/blog\/wp-content\/uploads\/2008\/02\/_dsc4388.jpg\"><img loading=\"lazy\" src=\"https:\/\/www.kepfenyezo.hu\/blog\/wp-content\/uploads\/2008\/02\/_dsc4388.jpg\" alt=\"_dsc4388.jpg\" hspace=\"3\" vspace=\"3\" width=\"399\" height=\"265\" \/><\/a><\/p>\n<p align=\"center\"><em>(Az itt l\u00e1that\u00f3 k\u00e9pek a fot\u00f3s \u00e9s a Magyar Balett Sz\u00ednh\u00e1z<br \/>\nhozz\u00e1j\u00e1rul\u00e1sa n\u00e9lk\u00fcl nem haszn\u00e1lhat\u00f3k fel)<\/em><\/p>\n","protected":false},"excerpt":{"rendered":"<p style=\"text-align: center\"><a href=\"https:\/\/www.kepfenyezo.hu\/blog\/kepfenyezo\/szabadido\/balett-godollo-praga\/\" title=\"_dsc4133.jpg\"><img loading=\"lazy\" src=\"https:\/\/www.kepfenyezo.hu\/blog\/kepfenyezo\/wp-content\/uploads\/2008\/02\/_dsc4133.jpg\" alt=\"_dsc4133.jpg\" height=\"214\" hspace=\"3\" vspace=\"3\" width=\"201\" \/><\/a><\/p>\n","protected":false},"author":13,"featured_media":0,"comment_status":"open","ping_status":"open","sticky":false,"template":"","format":"standard","meta":{"_links_to":"","_links_to_target":""},"categories":[57],"tags":[56,25,467],"_links":{"self":[{"href":"https:\/\/www.kepfenyezo.hu\/blog\/wp-json\/wp\/v2\/posts\/113"}],"collection":[{"href":"https:\/\/www.kepfenyezo.hu\/blog\/wp-json\/wp\/v2\/posts"}],"about":[{"href":"https:\/\/www.kepfenyezo.hu\/blog\/wp-json\/wp\/v2\/types\/post"}],"author":[{"embeddable":true,"href":"https:\/\/www.kepfenyezo.hu\/blog\/wp-json\/wp\/v2\/users\/13"}],"replies":[{"embeddable":true,"href":"https:\/\/www.kepfenyezo.hu\/blog\/wp-json\/wp\/v2\/comments?post=113"}],"version-history":[{"count":3,"href":"https:\/\/www.kepfenyezo.hu\/blog\/wp-json\/wp\/v2\/posts\/113\/revisions"}],"predecessor-version":[{"id":12046,"href":"https:\/\/www.kepfenyezo.hu\/blog\/wp-json\/wp\/v2\/posts\/113\/revisions\/12046"}],"wp:attachment":[{"href":"https:\/\/www.kepfenyezo.hu\/blog\/wp-json\/wp\/v2\/media?parent=113"}],"wp:term":[{"taxonomy":"category","embeddable":true,"href":"https:\/\/www.kepfenyezo.hu\/blog\/wp-json\/wp\/v2\/categories?post=113"},{"taxonomy":"post_tag","embeddable":true,"href":"https:\/\/www.kepfenyezo.hu\/blog\/wp-json\/wp\/v2\/tags?post=113"}],"curies":[{"name":"wp","href":"https:\/\/api.w.org\/{rel}","templated":true}]}}