{"id":121,"date":"2008-02-25T14:32:09","date_gmt":"2008-02-25T13:32:09","guid":{"rendered":"http:\/\/www.kepfenyezo.hu\/blog\/kepfenyezo\/?p=121"},"modified":"2016-01-20T08:03:50","modified_gmt":"2016-01-20T07:03:50","slug":"robert-doisneau","status":"publish","type":"post","link":"https:\/\/www.kepfenyezo.hu\/blog\/ajanlo\/robert-doisneau\/","title":{"rendered":"Robert Doisneau"},"content":{"rendered":"<p>&nbsp;<\/p>\n<p style=\"text-align: center;\"><a title=\"doisneau2.jpg\" href=\"https:\/\/www.kepfenyezo.hu\/blog\/wp-content\/uploads\/2008\/02\/doisneau2.jpg\"><img loading=\"lazy\" src=\"https:\/\/www.kepfenyezo.hu\/blog\/wp-content\/uploads\/2008\/02\/doisneau2.jpg\" alt=\"doisneau2.jpg\" width=\"300\" height=\"205\" hspace=\"3\" vspace=\"3\" \/><\/a><\/p>\n<p>Tal\u00e1n els\u0151re fura, hogy ker\u00fcl egy ilyen bejegyz\u00e9s erre a blogra&#8230; \u00fagyhogy el\u00f6lj\u00e1r\u00f3ban \u00edrok p\u00e1r mondatot arr\u00f3l, hogy mi\u00e9rt ker\u00fclt \u0151 ide, ut\u00e1na pedig Robert Doisneau-r\u0151l p\u00e1r sz\u00f3, n\u00e9h\u00e1ny k\u00e9p, weboldalak, stb.<\/p>\n<p>Ami biztos: a kedvenc fotogr\u00e1fusom, nagyon szeretem a munk\u00e1it, ah\u00e1nyszor belelapozok egy albumba, vagy r\u00e1n\u00e9zek a (menyasszonyomt\u00f3l kapott) falinapt\u00e1rra, \u00fajra \u00e9s \u00fajra kedvet kapok \u00e9n is a f\u00e9nyk\u00e9pez\u00e9shez.<\/p>\n<p>Nehezen tudn\u00e1m egy sz\u00f3ban megfogalmazni, mi az, ami annyire megfog a k\u00e9peiben&#8230; de azt hiszem, az egyszer\u0171s\u00e9ge, a h\u00e9tk\u00f6znapis\u00e1ga, az a szeretet \u00e9s figyelem, ahogy a k\u00f6r\u00fcl\u00f6tte l\u00e9v\u0151 embereket, vil\u00e1got n\u00e9zte &#8211; ez teszi \u0151t naggy\u00e1. \u00c9rdemes is \u00edgy j\u00e1rni-kelni a vil\u00e1gban. A mindennapi, term\u00e9szetes \u00e9s ismer\u0151s r\u00e9szleteknek, t\u00f6rt\u00e9n\u00e9seknek meg\u00f6r\u00fclni, a k\u00fcl\u00f6nleges, ritk\u00e1n l\u00e1that\u00f3 vagy el\u00e9rhetetlen helyett azt keresni, ami a mi\u00e9nk, saj\u00e1tunk, k\u00f6zel \u00e1ll hozz\u00e1nk.<\/p>\n<p>K\u00f6zel \u00e1ll hozz\u00e1m ez a gondolkod\u00e1sm\u00f3d, nyilv\u00e1n ez\u00e9rt is szeretem. Ennek k\u00f6sz\u00f6nhet\u0151 a sok k\u00f6zelk\u00e9p, kifigyelt apr\u00f3 r\u00e9szlet az esk\u00fcv\u0151i k\u00e9peimen, az egy\u00e9bk\u00e9nt h\u00e9tk\u00f6znapi n\u00f6v\u00e9nyeket \u00e1br\u00e1zol\u00f3 makr\u00f3felv\u00e9tel, a k\u00f6r\u00fcl\u00f6ttem l\u00e9v\u0151 v\u00e1ros k\u00e9pei&#8230; j\u00f3 dolog ezeket \u00e9szrevenni, ezekben megl\u00e1tni a sz\u00e9pet &#8211; s\u0151t, szebbnek l\u00e1tni, mint amilyennek \u00e1ltal\u00e1ban szoktuk.<\/p>\n<p><!--more--><\/p>\n<p><strong>Robert Doisneau<\/strong>: 1912-ben sz\u00fcletett Franciaorsz\u00e1gban, a XX. sz\u00e1zad elej\u00e9nek, k\u00f6zep\u00e9nek vil\u00e1gszerte ismert fot\u00f3sa (Andr\u00e9 Kert\u00e9sz \u00e9s Henri Cartier-Bresson gener\u00e1ci\u00f3ja). 1930-ban kezdett f\u00e9nyk\u00e9pezni, &#8217;32-ben jelentek meg els\u0151 k\u00e9pei az &#8220;Excelsior&#8221; c. lapban, &#8217;34-t\u0151l dolgozott hivat\u00e1sos fot\u00f3sk\u00e9nt, el\u0151sz\u00f6r a Renault-n\u00e1l.<\/p>\n<p><a title=\"doisneau-picasso.jpg\" href=\"https:\/\/www.kepfenyezo.hu\/blog\/wp-content\/uploads\/2008\/02\/doisneau-picasso.jpg\"><img loading=\"lazy\" src=\"https:\/\/www.kepfenyezo.hu\/blog\/wp-content\/uploads\/2008\/02\/doisneau-picasso.jpg\" alt=\"Picasso and the loaves (1952)\" width=\"188\" height=\"228\" align=\"right\" hspace=\"3\" vspace=\"3\" \/><\/a>Ebben az id\u0151ben, a &#8217;30-as \u00e9vekben jelentek meg \u00e9s terjedtek el a <em>Leica<\/em> kicsi, k\u00f6nny\u0171 \u00e9s j\u00f3l kezelhet\u0151 g\u00e9pei, \u00e9s Doisneau-\u00e9k ezt kihaszn\u00e1lva tudt\u00e1k a f\u00e9nyk\u00e9pez\u0151g\u00e9pet kivinni az emberek k\u00f6z\u00e9, felt\u0171n\u00e9s n\u00e9lk\u00fcl \u00e9s gyorsan dolgozni.<\/p>\n<p>P\u00e1rizs \u00e9lete, utc\u00e1i, a v\u00e1ros h\u00e9tk\u00f6znapjai kedvenc t\u00e9m\u00e1i k\u00f6z\u00e9 tartoztak, sok-sok sz\u00edvet melenget\u0151 \u00e9letk\u00e9pe k\u00e9sz\u00fclt itt. J\u00f3bar\u00e1tja, \u00e9s saj\u00e1t \u00e1ll\u00edt\u00e1sa szerint egyik kedvenc &#8220;modellje&#8221; volt Picasso &#8211; a fennmaradt k\u00e9pek szerint val\u00f3ban egym\u00e1sra tal\u00e1ltak, mindketten humorukn\u00e1l voltak&#8230; :)<\/p>\n<p><a title=\"doisneau-kiss.jpg\" href=\"https:\/\/www.kepfenyezo.hu\/blog\/wp-content\/uploads\/2008\/02\/doisneau-kiss.jpg\"><img loading=\"lazy\" src=\"https:\/\/www.kepfenyezo.hu\/blog\/wp-content\/uploads\/2008\/02\/doisneau-kiss.jpg\" alt=\"Kiss by the H\u00f4tel de Ville (1950)\" width=\"219\" height=\"173\" align=\"right\" hspace=\"3\" vspace=\"3\" \/><\/a>Legismertebb k\u00e9pe tal\u00e1n a &#8220;<em>Le baiser de l&#8217;h\u00f4tel de ville<\/em> (<em>Kiss by the H\u00f4tel de Ville<\/em>)&#8221;. K\u00e9sz\u00edt\u00e9s\u00e9nek k\u00f6r\u00fclm\u00e9nyei 1950-ig nem voltak ismertek, ekkor egy francia p\u00e1r beperelte a fot\u00f3st, hogy tudtuk n\u00e9lk\u00fcl f\u00e9nyk\u00e9pezte le \u0151ket. \u00cdgy der\u00fclt ki, hogy a k\u00e9pen nem a pert kezd\u0151 p\u00e1r, hanem Fran\u00e7oise Bornet sz\u00edn\u00e9szn\u0151 \u00e9s akkori bar\u00e1tja, Jacques Carteaud l\u00e1that\u00f3, akiket Doisneau k\u00e9rt meg a k\u00e9p elk\u00e9sz\u00edt\u00e9s\u00e9re, \u00e9s fizets\u00e9g\u00fcl egy p\u00e9ld\u00e1nyt kaptak is bel\u0151le. Ez az eredeti p\u00e9ld\u00e1ny 155.000 \u20ac-\u00e9rt kelt el egy 2005-ben egy \u00e1rver\u00e9sen&#8230;<\/p>\n<p><a title=\"doisneau_fallen_horse.jpg\" href=\"https:\/\/www.kepfenyezo.hu\/blog\/wp-content\/uploads\/2008\/02\/doisneau_fallen_horse.jpg\"><img loading=\"lazy\" class=\"alignright\" style=\"margin: 3px;\" src=\"https:\/\/www.kepfenyezo.hu\/blog\/wp-content\/uploads\/2008\/02\/doisneau_fallen_horse.jpg\" alt=\"Fallen Horse (1942)\" width=\"235\" height=\"242\" align=\"right\" hspace=\"3\" vspace=\"3\" \/><\/a>A Renault-gy\u00e1rnak 1939-ig dolgozott, ekkor az le\u00e9gett, Doisneau pedig szabad\u00fasz\u00f3 rekl\u00e1m- \u00e9s k\u00e9peslap &#8211; fot\u00f3sk\u00e9nt folytatta. A h\u00e1bor\u00fa alatt P\u00e1rizsban \u00e9lt, fot\u00f3zott, ennek eredm\u00e9nye t\u00f6bbek k\u00f6z\u00f6tt az 1942-es &#8220;<em>Fallen Horse<\/em>&#8221; c. k\u00e9pe. Megintcsak kiv\u00e9teles pillanat, gy\u00f6ny\u00f6r\u0171 t\u00f3nusvil\u00e1g, \u00e9s valahogy a n\u00e9z\u0151pont miatt m\u00e1ris ott \u00e9rezz\u00fck magunkat, a t\u00f6meg r\u00e9szek\u00e9nt&#8230;<\/p>\n<p>Ilyen kis m\u00e9retben sokszor neh\u00e9z \u00e9szrevenni a k\u00e9peiben rejt\u0151z\u0151 humort&#8230; de nagyobban m\u00e1r l\u00e1tszik. Sok fot\u00f3j\u00e1ra igaz, hogy els\u0151 r\u00e1n\u00e9z\u00e9sre m\u00e9g nem t\u0171nik fel, mi is a l\u00e9nyeg&#8230; illetve els\u0151re sokszor csak a nagyon sz\u00e9p t\u00f3nusvil\u00e1g, remek szerkeszt\u00e9s, n\u00e9z\u0151pont, j\u00f3l megfogott f\u00e9nyek t\u0171nnek fel.<\/p>\n<p><a title=\"doisneau_fox_terrier.jpg\" href=\"https:\/\/www.kepfenyezo.hu\/blog\/wp-content\/uploads\/2008\/02\/doisneau_fox_terrier.jpg\"><img loading=\"lazy\" class=\"alignright\" style=\"margin: 3px;\" src=\"https:\/\/www.kepfenyezo.hu\/blog\/wp-content\/uploads\/2008\/02\/doisneau_fox_terrier.jpg\" alt=\"Fox terrier on the Pont des Arts (1953)\" width=\"200\" height=\"237\" align=\"right\" hspace=\"3\" vspace=\"3\" \/><\/a><\/p>\n<p>Azt\u00e1n \u00e9rdemes kicsit k\u00f6zelebbr\u0151l megn\u00e9zni mondjuk a h\u00e1tt\u00e9rben megb\u00fav\u00f3 szerepl\u0151ket, a kirakatban l\u00f3g\u00f3 festm\u00e9ny t\u00e9m\u00e1j\u00e1t, vagy a dolgoz\u00f3 fest\u0151 el\u0151tti v\u00e1sznon alakul\u00f3 alakot (noj\u00f3, ehhez s\u00fagok: egy n\u0151i akton dolgozik \u00e9ppen &#8211; de ekkor\u00e1ban sajnos nem l\u00e1tszik). :)<\/p>\n<p><em>(A k\u00e9pekre kattintva lesznek azok nagyobbak is&#8230;) <\/em><\/p>\n<p>&nbsp;<\/p>\n<p style=\"text-align: center;\"><a title=\"doisneau_sidelong_glance.jpg\" href=\"https:\/\/www.kepfenyezo.hu\/blog\/wp-content\/uploads\/2008\/02\/doisneau_sidelong_glance.jpg\"><img loading=\"lazy\" src=\"https:\/\/www.kepfenyezo.hu\/blog\/wp-content\/uploads\/2008\/02\/doisneau_sidelong_glance.jpg\" alt=\"Sidelong glance (1948)\" width=\"399\" height=\"308\" hspace=\"3\" vspace=\"3\" \/><\/a><\/p>\n<p>&nbsp;<\/p>\n<p style=\"text-align: center;\"><a title=\"doisneau_vert-galant.jpg\" href=\"https:\/\/www.kepfenyezo.hu\/blog\/wp-content\/uploads\/2008\/02\/doisneau_vert-galant.jpg\"><img loading=\"lazy\" src=\"https:\/\/www.kepfenyezo.hu\/blog\/wp-content\/uploads\/2008\/02\/doisneau_vert-galant.jpg\" alt=\"Square du Vert-Galant (1950)\" width=\"400\" height=\"296\" hspace=\"3\" vspace=\"3\" \/><\/a><\/p>\n<p style=\"text-align: center;\"><a title=\"doisneau_versailles.jpg\" href=\"https:\/\/www.kepfenyezo.hu\/blog\/wp-content\/uploads\/2008\/02\/doisneau_versailles.jpg\"><img loading=\"lazy\" src=\"https:\/\/www.kepfenyezo.hu\/blog\/wp-content\/uploads\/2008\/02\/doisneau_versailles.jpg\" alt=\"Barbarian prisoner and Callipygian Venus, Versailles (1966)\" width=\"399\" height=\"303\" align=\"middle\" hspace=\"3\" vspace=\"3\" \/><\/a><\/p>\n<p>A sz\u00e1mtalan remek k\u00e9pb\u0151l itt csak egy p\u00e1rat mutattam, \u00e9s am\u00fagy egy\u00e1ltal\u00e1n&#8230; \u00edrtak m\u00e1r r\u00f3la sokat, sokkal t\u00f6bbet is az interneten. V\u00e9g\u00fcl teh\u00e1t \u00e1lljon itt n\u00e9h\u00e1ny link, a tov\u00e1bbi k\u00edv\u00e1ncsis\u00e1g kiel\u00e9g\u00edt\u00e9se \u00e9rdek\u00e9ben:<\/p>\n<ul>\n<li><a title=\"Staley Wise Gallery\" href=\"http:\/\/www.staleywise.com\/collection\/doisneau\/doisneau.html\" target=\"_blank\">Staley Wise Gallery \/ Robert Doisneau<\/a><\/li>\n<li><a title=\"Masters of Photography\" href=\"http:\/\/www.masters-of-photography.com\/D\/doisneau\/doisneau.html\" target=\"_blank\">Masters of Photography \/ Robert Doisneau<\/a> (fot\u00f3i, el\u00e9rhet\u0151 cikkek, megv\u00e1s\u00e1rolhat\u00f3 k\u00e9pek)<\/li>\n<li><a title=\"Transindex.ro\" href=\"http:\/\/art.transindex.ro\/?cikk=35\" target=\"_blank\">Transindex.ro \/ Robert Doisneau<\/a> (k\u00fcl\u00f6n is aj\u00e1nlom az oldalt, sok kiv\u00e1l\u00f3 fot\u00f3s k\u00e9pei el\u00e9rhet\u0151ek itt)<\/li>\n<li><a title=\"AllPosters.com\" href=\"http:\/\/www.allposters.com\/-st\/Robert-Doisneau-Posters_c23948_.htm\" target=\"_blank\">AllPosters.com \/ Robert Doisneau<\/a> (megvehet\u0151 poszterek, keretezett k\u00e9pek)<\/li>\n<\/ul>\n<p>\u00c9s minden linkaj\u00e1nlatnak \u00f6r\u00fcl\u00f6k, ha valaki tud m\u00e9g j\u00f3 oldalr\u00f3l, \u00edrjon! :)<\/p>\n","protected":false},"excerpt":{"rendered":"<p><center><a href=\"https:\/\/www.kepfenyezo.hu\/blog\/kepfenyezo\/mindenmas\/robert-doisneau\/\" title=\"doisneau-kiss.jpg\"><img loading=\"lazy\" src=\"https:\/\/www.kepfenyezo.hu\/blog\/kepfenyezo\/wp-content\/uploads\/2008\/02\/doisneau-kiss.jpg\" alt=\"Kiss by the H\u00f4tel de Ville (1950)\" height=\"173\" hspace=\"3\" vspace=\"3\" width=\"219\" \/><\/a><\/center><\/p>\n","protected":false},"author":13,"featured_media":0,"comment_status":"open","ping_status":"open","sticky":false,"template":"","format":"standard","meta":{"_links_to":"","_links_to_target":""},"categories":[130],"tags":[470,59],"_links":{"self":[{"href":"https:\/\/www.kepfenyezo.hu\/blog\/wp-json\/wp\/v2\/posts\/121"}],"collection":[{"href":"https:\/\/www.kepfenyezo.hu\/blog\/wp-json\/wp\/v2\/posts"}],"about":[{"href":"https:\/\/www.kepfenyezo.hu\/blog\/wp-json\/wp\/v2\/types\/post"}],"author":[{"embeddable":true,"href":"https:\/\/www.kepfenyezo.hu\/blog\/wp-json\/wp\/v2\/users\/13"}],"replies":[{"embeddable":true,"href":"https:\/\/www.kepfenyezo.hu\/blog\/wp-json\/wp\/v2\/comments?post=121"}],"version-history":[{"count":6,"href":"https:\/\/www.kepfenyezo.hu\/blog\/wp-json\/wp\/v2\/posts\/121\/revisions"}],"predecessor-version":[{"id":12051,"href":"https:\/\/www.kepfenyezo.hu\/blog\/wp-json\/wp\/v2\/posts\/121\/revisions\/12051"}],"wp:attachment":[{"href":"https:\/\/www.kepfenyezo.hu\/blog\/wp-json\/wp\/v2\/media?parent=121"}],"wp:term":[{"taxonomy":"category","embeddable":true,"href":"https:\/\/www.kepfenyezo.hu\/blog\/wp-json\/wp\/v2\/categories?post=121"},{"taxonomy":"post_tag","embeddable":true,"href":"https:\/\/www.kepfenyezo.hu\/blog\/wp-json\/wp\/v2\/tags?post=121"}],"curies":[{"name":"wp","href":"https:\/\/api.w.org\/{rel}","templated":true}]}}