{"id":13876,"date":"2017-08-08T14:03:52","date_gmt":"2017-08-08T13:03:52","guid":{"rendered":"https:\/\/www.kepfenyezo.hu\/blog\/?p=13876"},"modified":"2017-09-21T07:08:14","modified_gmt":"2017-09-21T06:08:14","slug":"tunde-federico","status":"publish","type":"post","link":"https:\/\/www.kepfenyezo.hu\/blog\/jegyesfotozas\/tunde-federico\/","title":{"rendered":"T\u00fcnde &#038; Federico"},"content":{"rendered":"<p><img loading=\"lazy\" class=\"aligncenter size-large wp-image-13877\" src=\"https:\/\/www.kepfenyezo.hu\/blog\/wp-content\/uploads\/2017\/08\/tunde-federico-engagement-001-468x700.jpg\" alt=\"\" width=\"468\" height=\"700\" srcset=\"https:\/\/www.kepfenyezo.hu\/blog\/wp-content\/uploads\/2017\/08\/tunde-federico-engagement-001-468x700.jpg 468w, https:\/\/www.kepfenyezo.hu\/blog\/wp-content\/uploads\/2017\/08\/tunde-federico-engagement-001-200x300.jpg 200w, https:\/\/www.kepfenyezo.hu\/blog\/wp-content\/uploads\/2017\/08\/tunde-federico-engagement-001.jpg 668w\" sizes=\"(max-width: 468px) 100vw, 468px\" \/><\/p>\n<p>Sz\u00e9p ez a v\u00e1ros&#8230; nagyon sz\u00e9p. Ezzel m\u00e9g nem is nagyon szokott senki vitatkozni. De hogy megnyugtat\u00f3, csendes, lelk\u00fcnket \u00fcd\u00edt\u0151 s\u00e9t\u00e1kat lehetne tenni a v\u00e1ros k\u00f6zep\u00e9n, a L\u00e1nch\u00eddn\u00e1l, az Alag\u00fatn\u00e1l vagy a V\u00e1rban: ez m\u00e1r meglep\u0151bb.\u00a0Pedig semmi m\u00e1s nem kell hozz\u00e1, csak egy j\u00f3 vekker, \u00e9s a biztos elhat\u00e1roz\u00e1s.\u00a0T\u00fcnde \u00e9s Federico eljutott az elhat\u00e1roz\u00e1sig, \u00e9s ez\u00e9rt igen h\u00e1l\u00e1s vagyok nekik. Az ut\u00f3bbi \u00e9vek sor\u00e1n fot\u00f3ztam sokat Budapesten, de ezek itt a kedvenc k\u00e9peim hossz\u00fa id\u0151 \u00f3ta. :)<\/p>\n<p><img loading=\"lazy\" class=\"aligncenter size-large wp-image-13881\" src=\"https:\/\/www.kepfenyezo.hu\/blog\/wp-content\/uploads\/2017\/08\/tunde-federico-engagement-005-700x471.jpg\" alt=\"\" width=\"700\" height=\"471\" srcset=\"https:\/\/www.kepfenyezo.hu\/blog\/wp-content\/uploads\/2017\/08\/tunde-federico-engagement-005-700x471.jpg 700w, https:\/\/www.kepfenyezo.hu\/blog\/wp-content\/uploads\/2017\/08\/tunde-federico-engagement-005-400x269.jpg 400w, https:\/\/www.kepfenyezo.hu\/blog\/wp-content\/uploads\/2017\/08\/tunde-federico-engagement-005-768x517.jpg 768w, https:\/\/www.kepfenyezo.hu\/blog\/wp-content\/uploads\/2017\/08\/tunde-federico-engagement-005.jpg 1485w\" sizes=\"(max-width: 700px) 100vw, 700px\" \/><\/p>\n<p>R\u00f6videsen k\u00f6vetkeznek az esk\u00fcv\u0151 k\u00e9pei is, de addig m\u00e9g gy\u00f6ny\u00f6rk\u00f6djetek vel\u00fcnk egy\u00fctt az \u00e9bredez\u0151 v\u00e1rosban, \u00e9s az \u00f6sszetartoz\u00e1s sz\u00e9ps\u00e9g\u00e9ben a k\u00f6vetkez\u0151 diavet\u00edt\u00e9ssel, \u00e9s n\u00e9h\u00e1ny kedvenc k\u00e9p\u00fcnkkel a bejegyz\u00e9s v\u00e9g\u00e9n:<\/p>\n<p><iframe loading=\"lazy\" src=\"https:\/\/player.vimeo.com\/video\/228810279\" width=\"756\" height=\"425\" frameborder=\"0\" title=\"T&uuml;nde &amp; Federico engagement\" webkitallowfullscreen mozallowfullscreen allowfullscreen><\/iframe><\/p>\n<pre>A b\u00e9lyegk\u00e9pekre kattintva el\u0151b\u00fajnak a sz\u00e9lesv\u00e1szn\u00fa k\u00e9pek is! :)<\/pre>\n<div data-carousel-extra='{\"blog_id\":1,\"permalink\":\"https:\\\/\\\/www.kepfenyezo.hu\\\/blog\\\/jegyesfotozas\\\/tunde-federico\\\/\"}' class=\"tiled-gallery type-rectangular\" data-original-width=\"756\"><div class=\"gallery-row\" style=\"width: 751px; height: 556px;\"><div class=\"gallery-group images-1\" style=\"width: 376px; height: 560px;\"><div class=\"tiled-gallery-item tiled-gallery-item-large\"><a href=\"https:\/\/www.kepfenyezo.hu\/blog\/wp-content\/uploads\/2017\/08\/tunde-federico-engagement-001.jpg\"><img data-attachment-id=\"13877\" data-orig-file=\"https:\/\/www.kepfenyezo.hu\/blog\/wp-content\/uploads\/2017\/08\/tunde-federico-engagement-001.jpg\" data-orig-size=\"668,1000\" data-comments-opened=\"0\" data-image-meta=\"{&quot;aperture&quot;:&quot;0&quot;,&quot;credit&quot;:&quot;Mitcsenkov Attila&quot;,&quot;camera&quot;:&quot;&quot;,&quot;caption&quot;:&quot;&quot;,&quot;created_timestamp&quot;:&quot;0&quot;,&quot;copyright&quot;:&quot;(C) Mitcsenkov Attila&quot;,&quot;focal_length&quot;:&quot;0&quot;,&quot;iso&quot;:&quot;0&quot;,&quot;shutter_speed&quot;:&quot;0&quot;,&quot;title&quot;:&quot;&quot;,&quot;orientation&quot;:&quot;0&quot;}\" data-image-title=\"tunde-federico-engagement-001\" data-image-description=\"\" data-medium-file=\"https:\/\/www.kepfenyezo.hu\/blog\/wp-content\/uploads\/2017\/08\/tunde-federico-engagement-001-200x300.jpg\" data-large-file=\"https:\/\/www.kepfenyezo.hu\/blog\/wp-content\/uploads\/2017\/08\/tunde-federico-engagement-001-468x700.jpg\" src=\"https:\/\/www.kepfenyezo.hu\/blog\/wp-content\/uploads\/2017\/08\/tunde-federico-engagement-001-372x556.jpg\" width=\"372\" height=\"556\" align=\"left\" title=\"tunde-federico-engagement-001\" \/><\/a><\/div><\/div><div class=\"gallery-group images-1\" style=\"width: 375px; height: 560px;\"><div class=\"tiled-gallery-item tiled-gallery-item-large\"><a href=\"https:\/\/www.kepfenyezo.hu\/blog\/wp-content\/uploads\/2017\/08\/tunde-federico-engagement-002.jpg\"><img data-attachment-id=\"13878\" data-orig-file=\"https:\/\/www.kepfenyezo.hu\/blog\/wp-content\/uploads\/2017\/08\/tunde-federico-engagement-002.jpg\" data-orig-size=\"668,1000\" data-comments-opened=\"0\" data-image-meta=\"{&quot;aperture&quot;:&quot;0&quot;,&quot;credit&quot;:&quot;Mitcsenkov Attila&quot;,&quot;camera&quot;:&quot;&quot;,&quot;caption&quot;:&quot;&quot;,&quot;created_timestamp&quot;:&quot;0&quot;,&quot;copyright&quot;:&quot;(C) Mitcsenkov Attila&quot;,&quot;focal_length&quot;:&quot;0&quot;,&quot;iso&quot;:&quot;0&quot;,&quot;shutter_speed&quot;:&quot;0&quot;,&quot;title&quot;:&quot;&quot;,&quot;orientation&quot;:&quot;0&quot;}\" data-image-title=\"tunde-federico-engagement-002\" data-image-description=\"\" data-medium-file=\"https:\/\/www.kepfenyezo.hu\/blog\/wp-content\/uploads\/2017\/08\/tunde-federico-engagement-002-200x300.jpg\" data-large-file=\"https:\/\/www.kepfenyezo.hu\/blog\/wp-content\/uploads\/2017\/08\/tunde-federico-engagement-002-468x700.jpg\" src=\"https:\/\/www.kepfenyezo.hu\/blog\/wp-content\/uploads\/2017\/08\/tunde-federico-engagement-002-371x556.jpg\" width=\"371\" height=\"556\" align=\"left\" title=\"tunde-federico-engagement-002\" \/><\/a><\/div><\/div><\/div><div class=\"gallery-row\" style=\"width: 751px; height: 332px;\"><div class=\"gallery-group images-1\" style=\"width: 502px; height: 336px;\"><div class=\"tiled-gallery-item tiled-gallery-item-large\"><a href=\"https:\/\/www.kepfenyezo.hu\/blog\/wp-content\/uploads\/2017\/08\/tunde-federico-engagement-003.jpg\"><img data-attachment-id=\"13879\" data-orig-file=\"https:\/\/www.kepfenyezo.hu\/blog\/wp-content\/uploads\/2017\/08\/tunde-federico-engagement-003.jpg\" data-orig-size=\"1498,1000\" data-comments-opened=\"0\" data-image-meta=\"{&quot;aperture&quot;:&quot;0&quot;,&quot;credit&quot;:&quot;Mitcsenkov Attila&quot;,&quot;camera&quot;:&quot;&quot;,&quot;caption&quot;:&quot;&quot;,&quot;created_timestamp&quot;:&quot;0&quot;,&quot;copyright&quot;:&quot;(C) Mitcsenkov Attila&quot;,&quot;focal_length&quot;:&quot;0&quot;,&quot;iso&quot;:&quot;0&quot;,&quot;shutter_speed&quot;:&quot;0&quot;,&quot;title&quot;:&quot;&quot;,&quot;orientation&quot;:&quot;0&quot;}\" data-image-title=\"tunde-federico-engagement-003\" data-image-description=\"\" data-medium-file=\"https:\/\/www.kepfenyezo.hu\/blog\/wp-content\/uploads\/2017\/08\/tunde-federico-engagement-003-400x267.jpg\" data-large-file=\"https:\/\/www.kepfenyezo.hu\/blog\/wp-content\/uploads\/2017\/08\/tunde-federico-engagement-003-700x467.jpg\" src=\"https:\/\/www.kepfenyezo.hu\/blog\/wp-content\/uploads\/2017\/08\/tunde-federico-engagement-003-498x332.jpg\" width=\"498\" height=\"332\" align=\"left\" title=\"tunde-federico-engagement-003\" \/><\/a><\/div><\/div><div class=\"gallery-group images-2\" style=\"width: 249px; height: 336px;\"><div class=\"tiled-gallery-item tiled-gallery-item-small\"><a href=\"https:\/\/www.kepfenyezo.hu\/blog\/wp-content\/uploads\/2017\/08\/tunde-federico-engagement-004.jpg\"><img data-attachment-id=\"13880\" data-orig-file=\"https:\/\/www.kepfenyezo.hu\/blog\/wp-content\/uploads\/2017\/08\/tunde-federico-engagement-004.jpg\" data-orig-size=\"1498,1000\" data-comments-opened=\"0\" data-image-meta=\"{&quot;aperture&quot;:&quot;0&quot;,&quot;credit&quot;:&quot;Mitcsenkov Attila&quot;,&quot;camera&quot;:&quot;&quot;,&quot;caption&quot;:&quot;&quot;,&quot;created_timestamp&quot;:&quot;0&quot;,&quot;copyright&quot;:&quot;(C) Mitcsenkov Attila&quot;,&quot;focal_length&quot;:&quot;0&quot;,&quot;iso&quot;:&quot;0&quot;,&quot;shutter_speed&quot;:&quot;0&quot;,&quot;title&quot;:&quot;&quot;,&quot;orientation&quot;:&quot;0&quot;}\" data-image-title=\"tunde-federico-engagement-004\" data-image-description=\"\" data-medium-file=\"https:\/\/www.kepfenyezo.hu\/blog\/wp-content\/uploads\/2017\/08\/tunde-federico-engagement-004-400x267.jpg\" data-large-file=\"https:\/\/www.kepfenyezo.hu\/blog\/wp-content\/uploads\/2017\/08\/tunde-federico-engagement-004-700x467.jpg\" src=\"https:\/\/www.kepfenyezo.hu\/blog\/wp-content\/uploads\/2017\/08\/tunde-federico-engagement-004-245x163.jpg\" width=\"245\" height=\"163\" align=\"left\" title=\"tunde-federico-engagement-004\" \/><\/a><\/div><div class=\"tiled-gallery-item tiled-gallery-item-small\"><a href=\"https:\/\/www.kepfenyezo.hu\/blog\/wp-content\/uploads\/2017\/08\/tunde-federico-engagement-005.jpg\"><img data-attachment-id=\"13881\" data-orig-file=\"https:\/\/www.kepfenyezo.hu\/blog\/wp-content\/uploads\/2017\/08\/tunde-federico-engagement-005.jpg\" data-orig-size=\"1485,1000\" data-comments-opened=\"0\" data-image-meta=\"{&quot;aperture&quot;:&quot;0&quot;,&quot;credit&quot;:&quot;Mitcsenkov Attila&quot;,&quot;camera&quot;:&quot;&quot;,&quot;caption&quot;:&quot;&quot;,&quot;created_timestamp&quot;:&quot;0&quot;,&quot;copyright&quot;:&quot;(C) Mitcsenkov Attila&quot;,&quot;focal_length&quot;:&quot;0&quot;,&quot;iso&quot;:&quot;0&quot;,&quot;shutter_speed&quot;:&quot;0&quot;,&quot;title&quot;:&quot;&quot;,&quot;orientation&quot;:&quot;0&quot;}\" data-image-title=\"tunde-federico-engagement-005\" data-image-description=\"\" data-medium-file=\"https:\/\/www.kepfenyezo.hu\/blog\/wp-content\/uploads\/2017\/08\/tunde-federico-engagement-005-400x269.jpg\" data-large-file=\"https:\/\/www.kepfenyezo.hu\/blog\/wp-content\/uploads\/2017\/08\/tunde-federico-engagement-005-700x471.jpg\" src=\"https:\/\/www.kepfenyezo.hu\/blog\/wp-content\/uploads\/2017\/08\/tunde-federico-engagement-005-245x165.jpg\" width=\"245\" height=\"165\" align=\"left\" title=\"tunde-federico-engagement-005\" \/><\/a><\/div><\/div><\/div><div class=\"gallery-row\" style=\"width: 751px; height: 219px;\"><div class=\"gallery-group images-1\" style=\"width: 332px; height: 223px;\"><div class=\"tiled-gallery-item tiled-gallery-item-large\"><a href=\"https:\/\/www.kepfenyezo.hu\/blog\/wp-content\/uploads\/2017\/08\/tunde-federico-engagement-006.jpg\"><img data-attachment-id=\"13882\" data-orig-file=\"https:\/\/www.kepfenyezo.hu\/blog\/wp-content\/uploads\/2017\/08\/tunde-federico-engagement-006.jpg\" data-orig-size=\"1498,1000\" data-comments-opened=\"0\" data-image-meta=\"{&quot;aperture&quot;:&quot;0&quot;,&quot;credit&quot;:&quot;Mitcsenkov Attila&quot;,&quot;camera&quot;:&quot;&quot;,&quot;caption&quot;:&quot;&quot;,&quot;created_timestamp&quot;:&quot;0&quot;,&quot;copyright&quot;:&quot;(C) Mitcsenkov Attila&quot;,&quot;focal_length&quot;:&quot;0&quot;,&quot;iso&quot;:&quot;0&quot;,&quot;shutter_speed&quot;:&quot;0&quot;,&quot;title&quot;:&quot;&quot;,&quot;orientation&quot;:&quot;0&quot;}\" data-image-title=\"tunde-federico-engagement-006\" data-image-description=\"\" data-medium-file=\"https:\/\/www.kepfenyezo.hu\/blog\/wp-content\/uploads\/2017\/08\/tunde-federico-engagement-006-400x267.jpg\" data-large-file=\"https:\/\/www.kepfenyezo.hu\/blog\/wp-content\/uploads\/2017\/08\/tunde-federico-engagement-006-700x467.jpg\" src=\"https:\/\/www.kepfenyezo.hu\/blog\/wp-content\/uploads\/2017\/08\/tunde-federico-engagement-006-328x219.jpg\" width=\"328\" height=\"219\" align=\"left\" title=\"tunde-federico-engagement-006\" \/><\/a><\/div><\/div><div class=\"gallery-group images-1\" style=\"width: 87px; height: 223px;\"><div class=\"tiled-gallery-item tiled-gallery-item-small\"><a href=\"https:\/\/www.kepfenyezo.hu\/blog\/wp-content\/uploads\/2017\/08\/tunde-federico-engagement-007.jpg\"><img data-attachment-id=\"13883\" data-orig-file=\"https:\/\/www.kepfenyezo.hu\/blog\/wp-content\/uploads\/2017\/08\/tunde-federico-engagement-007.jpg\" data-orig-size=\"380,1000\" data-comments-opened=\"0\" data-image-meta=\"{&quot;aperture&quot;:&quot;0&quot;,&quot;credit&quot;:&quot;Mitcsenkov Attila&quot;,&quot;camera&quot;:&quot;&quot;,&quot;caption&quot;:&quot;&quot;,&quot;created_timestamp&quot;:&quot;0&quot;,&quot;copyright&quot;:&quot;(C) Mitcsenkov Attila&quot;,&quot;focal_length&quot;:&quot;0&quot;,&quot;iso&quot;:&quot;0&quot;,&quot;shutter_speed&quot;:&quot;0&quot;,&quot;title&quot;:&quot;&quot;,&quot;orientation&quot;:&quot;0&quot;}\" data-image-title=\"tunde-federico-engagement-007\" data-image-description=\"\" data-medium-file=\"https:\/\/www.kepfenyezo.hu\/blog\/wp-content\/uploads\/2017\/08\/tunde-federico-engagement-007-114x300.jpg\" data-large-file=\"https:\/\/www.kepfenyezo.hu\/blog\/wp-content\/uploads\/2017\/08\/tunde-federico-engagement-007-266x700.jpg\" src=\"https:\/\/www.kepfenyezo.hu\/blog\/wp-content\/uploads\/2017\/08\/tunde-federico-engagement-007-83x219.jpg\" width=\"83\" height=\"219\" align=\"left\" title=\"tunde-federico-engagement-007\" \/><\/a><\/div><\/div><div class=\"gallery-group images-1\" style=\"width: 332px; height: 223px;\"><div class=\"tiled-gallery-item tiled-gallery-item-large\"><a href=\"https:\/\/www.kepfenyezo.hu\/blog\/wp-content\/uploads\/2017\/08\/tunde-federico-engagement-008.jpg\"><img data-attachment-id=\"13884\" data-orig-file=\"https:\/\/www.kepfenyezo.hu\/blog\/wp-content\/uploads\/2017\/08\/tunde-federico-engagement-008.jpg\" data-orig-size=\"1498,1000\" data-comments-opened=\"0\" data-image-meta=\"{&quot;aperture&quot;:&quot;0&quot;,&quot;credit&quot;:&quot;Mitcsenkov Attila&quot;,&quot;camera&quot;:&quot;&quot;,&quot;caption&quot;:&quot;&quot;,&quot;created_timestamp&quot;:&quot;0&quot;,&quot;copyright&quot;:&quot;(C) Mitcsenkov Attila&quot;,&quot;focal_length&quot;:&quot;0&quot;,&quot;iso&quot;:&quot;0&quot;,&quot;shutter_speed&quot;:&quot;0&quot;,&quot;title&quot;:&quot;&quot;,&quot;orientation&quot;:&quot;0&quot;}\" data-image-title=\"tunde-federico-engagement-008\" data-image-description=\"\" data-medium-file=\"https:\/\/www.kepfenyezo.hu\/blog\/wp-content\/uploads\/2017\/08\/tunde-federico-engagement-008-400x267.jpg\" data-large-file=\"https:\/\/www.kepfenyezo.hu\/blog\/wp-content\/uploads\/2017\/08\/tunde-federico-engagement-008-700x467.jpg\" src=\"https:\/\/www.kepfenyezo.hu\/blog\/wp-content\/uploads\/2017\/08\/tunde-federico-engagement-008-328x219.jpg\" width=\"328\" height=\"219\" align=\"left\" title=\"tunde-federico-engagement-008\" \/><\/a><\/div><\/div><\/div><div class=\"gallery-row\" style=\"width: 751px; height: 337px;\"><div class=\"gallery-group images-2\" style=\"width: 243px; height: 341px;\"><div class=\"tiled-gallery-item tiled-gallery-item-small\"><a href=\"https:\/\/www.kepfenyezo.hu\/blog\/wp-content\/uploads\/2017\/08\/tunde-federico-engagement-009.jpg\"><img data-attachment-id=\"13885\" data-orig-file=\"https:\/\/www.kepfenyezo.hu\/blog\/wp-content\/uploads\/2017\/08\/tunde-federico-engagement-009.jpg\" data-orig-size=\"1376,1000\" data-comments-opened=\"0\" data-image-meta=\"{&quot;aperture&quot;:&quot;0&quot;,&quot;credit&quot;:&quot;Mitcsenkov Attila&quot;,&quot;camera&quot;:&quot;&quot;,&quot;caption&quot;:&quot;&quot;,&quot;created_timestamp&quot;:&quot;0&quot;,&quot;copyright&quot;:&quot;(C) Mitcsenkov Attila&quot;,&quot;focal_length&quot;:&quot;0&quot;,&quot;iso&quot;:&quot;0&quot;,&quot;shutter_speed&quot;:&quot;0&quot;,&quot;title&quot;:&quot;&quot;,&quot;orientation&quot;:&quot;0&quot;}\" data-image-title=\"tunde-federico-engagement-009\" data-image-description=\"\" data-medium-file=\"https:\/\/www.kepfenyezo.hu\/blog\/wp-content\/uploads\/2017\/08\/tunde-federico-engagement-009-400x291.jpg\" data-large-file=\"https:\/\/www.kepfenyezo.hu\/blog\/wp-content\/uploads\/2017\/08\/tunde-federico-engagement-009-700x509.jpg\" src=\"https:\/\/www.kepfenyezo.hu\/blog\/wp-content\/uploads\/2017\/08\/tunde-federico-engagement-009-239x174.jpg\" width=\"239\" height=\"174\" align=\"left\" title=\"tunde-federico-engagement-009\" \/><\/a><\/div><div class=\"tiled-gallery-item tiled-gallery-item-small\"><a href=\"https:\/\/www.kepfenyezo.hu\/blog\/wp-content\/uploads\/2017\/08\/tunde-federico-engagement-010.jpg\"><img data-attachment-id=\"13886\" data-orig-file=\"https:\/\/www.kepfenyezo.hu\/blog\/wp-content\/uploads\/2017\/08\/tunde-federico-engagement-010.jpg\" data-orig-size=\"1498,1000\" data-comments-opened=\"0\" data-image-meta=\"{&quot;aperture&quot;:&quot;0&quot;,&quot;credit&quot;:&quot;Mitcsenkov Attila&quot;,&quot;camera&quot;:&quot;&quot;,&quot;caption&quot;:&quot;&quot;,&quot;created_timestamp&quot;:&quot;0&quot;,&quot;copyright&quot;:&quot;(C) Mitcsenkov Attila&quot;,&quot;focal_length&quot;:&quot;0&quot;,&quot;iso&quot;:&quot;0&quot;,&quot;shutter_speed&quot;:&quot;0&quot;,&quot;title&quot;:&quot;&quot;,&quot;orientation&quot;:&quot;0&quot;}\" data-image-title=\"tunde-federico-engagement-010\" data-image-description=\"\" data-medium-file=\"https:\/\/www.kepfenyezo.hu\/blog\/wp-content\/uploads\/2017\/08\/tunde-federico-engagement-010-400x267.jpg\" data-large-file=\"https:\/\/www.kepfenyezo.hu\/blog\/wp-content\/uploads\/2017\/08\/tunde-federico-engagement-010-700x467.jpg\" src=\"https:\/\/www.kepfenyezo.hu\/blog\/wp-content\/uploads\/2017\/08\/tunde-federico-engagement-010-239x159.jpg\" width=\"239\" height=\"159\" align=\"left\" title=\"tunde-federico-engagement-010\" \/><\/a><\/div><\/div><div class=\"gallery-group images-1\" style=\"width: 508px; height: 341px;\"><div class=\"tiled-gallery-item tiled-gallery-item-large\"><a href=\"https:\/\/www.kepfenyezo.hu\/blog\/wp-content\/uploads\/2017\/08\/tunde-federico-engagement-011.jpg\"><img data-attachment-id=\"13887\" data-orig-file=\"https:\/\/www.kepfenyezo.hu\/blog\/wp-content\/uploads\/2017\/08\/tunde-federico-engagement-011.jpg\" data-orig-size=\"1498,1000\" data-comments-opened=\"0\" data-image-meta=\"{&quot;aperture&quot;:&quot;0&quot;,&quot;credit&quot;:&quot;Mitcsenkov Attila&quot;,&quot;camera&quot;:&quot;&quot;,&quot;caption&quot;:&quot;&quot;,&quot;created_timestamp&quot;:&quot;0&quot;,&quot;copyright&quot;:&quot;(C) Mitcsenkov Attila&quot;,&quot;focal_length&quot;:&quot;0&quot;,&quot;iso&quot;:&quot;0&quot;,&quot;shutter_speed&quot;:&quot;0&quot;,&quot;title&quot;:&quot;&quot;,&quot;orientation&quot;:&quot;0&quot;}\" data-image-title=\"tunde-federico-engagement-011\" data-image-description=\"\" data-medium-file=\"https:\/\/www.kepfenyezo.hu\/blog\/wp-content\/uploads\/2017\/08\/tunde-federico-engagement-011-400x267.jpg\" data-large-file=\"https:\/\/www.kepfenyezo.hu\/blog\/wp-content\/uploads\/2017\/08\/tunde-federico-engagement-011-700x467.jpg\" src=\"https:\/\/www.kepfenyezo.hu\/blog\/wp-content\/uploads\/2017\/08\/tunde-federico-engagement-011-504x337.jpg\" width=\"504\" height=\"337\" align=\"left\" title=\"tunde-federico-engagement-011\" \/><\/a><\/div><\/div><\/div><div class=\"gallery-row\" style=\"width: 751px; height: 499px;\"><div class=\"gallery-group images-1\" style=\"width: 751px; height: 503px;\"><div class=\"tiled-gallery-item tiled-gallery-item-large\"><a href=\"https:\/\/www.kepfenyezo.hu\/blog\/wp-content\/uploads\/2017\/08\/tunde-federico-engagement-012.jpg\"><img data-attachment-id=\"13888\" data-orig-file=\"https:\/\/www.kepfenyezo.hu\/blog\/wp-content\/uploads\/2017\/08\/tunde-federico-engagement-012.jpg\" data-orig-size=\"1498,1000\" data-comments-opened=\"0\" data-image-meta=\"{&quot;aperture&quot;:&quot;0&quot;,&quot;credit&quot;:&quot;Mitcsenkov Attila&quot;,&quot;camera&quot;:&quot;&quot;,&quot;caption&quot;:&quot;&quot;,&quot;created_timestamp&quot;:&quot;0&quot;,&quot;copyright&quot;:&quot;(C) Mitcsenkov Attila&quot;,&quot;focal_length&quot;:&quot;0&quot;,&quot;iso&quot;:&quot;0&quot;,&quot;shutter_speed&quot;:&quot;0&quot;,&quot;title&quot;:&quot;&quot;,&quot;orientation&quot;:&quot;0&quot;}\" data-image-title=\"tunde-federico-engagement-012\" data-image-description=\"\" data-medium-file=\"https:\/\/www.kepfenyezo.hu\/blog\/wp-content\/uploads\/2017\/08\/tunde-federico-engagement-012-400x267.jpg\" data-large-file=\"https:\/\/www.kepfenyezo.hu\/blog\/wp-content\/uploads\/2017\/08\/tunde-federico-engagement-012-700x467.jpg\" src=\"https:\/\/www.kepfenyezo.hu\/blog\/wp-content\/uploads\/2017\/08\/tunde-federico-engagement-012-747x499.jpg\" width=\"747\" height=\"499\" align=\"left\" title=\"tunde-federico-engagement-012\" \/><\/a><\/div><\/div><\/div><\/div>\n","protected":false},"excerpt":{"rendered":"<p>Sz\u00e9p ez a v\u00e1ros&#8230; nagyon sz\u00e9p. Ezzel m\u00e9g nem is nagyon szokott senki vitatkozni. De hogy megnyugtat\u00f3, csendes, lelk\u00fcnket \u00fcd\u00edt\u0151 s\u00e9t\u00e1kat lehetne tenni a v\u00e1ros k\u00f6zep\u00e9n, a L\u00e1nch\u00eddn\u00e1l, az Alag\u00fatn\u00e1l vagy a V\u00e1rban: ez m\u00e1r meglep\u0151bb.\u00a0Pedig semmi m\u00e1s nem kell hozz\u00e1, csak egy j\u00f3 vekker, \u00e9s a biztos elhat\u00e1roz\u00e1s.\u00a0T\u00fcnde \u00e9s Federico eljutott az elhat\u00e1roz\u00e1sig, \u00e9s [&hellip;]<\/p>\n","protected":false},"author":13,"featured_media":0,"comment_status":"closed","ping_status":"open","sticky":false,"template":"","format":"standard","meta":{"_links_to":"","_links_to_target":""},"categories":[119],"tags":[],"_links":{"self":[{"href":"https:\/\/www.kepfenyezo.hu\/blog\/wp-json\/wp\/v2\/posts\/13876"}],"collection":[{"href":"https:\/\/www.kepfenyezo.hu\/blog\/wp-json\/wp\/v2\/posts"}],"about":[{"href":"https:\/\/www.kepfenyezo.hu\/blog\/wp-json\/wp\/v2\/types\/post"}],"author":[{"embeddable":true,"href":"https:\/\/www.kepfenyezo.hu\/blog\/wp-json\/wp\/v2\/users\/13"}],"replies":[{"embeddable":true,"href":"https:\/\/www.kepfenyezo.hu\/blog\/wp-json\/wp\/v2\/comments?post=13876"}],"version-history":[{"count":11,"href":"https:\/\/www.kepfenyezo.hu\/blog\/wp-json\/wp\/v2\/posts\/13876\/revisions"}],"predecessor-version":[{"id":14229,"href":"https:\/\/www.kepfenyezo.hu\/blog\/wp-json\/wp\/v2\/posts\/13876\/revisions\/14229"}],"wp:attachment":[{"href":"https:\/\/www.kepfenyezo.hu\/blog\/wp-json\/wp\/v2\/media?parent=13876"}],"wp:term":[{"taxonomy":"category","embeddable":true,"href":"https:\/\/www.kepfenyezo.hu\/blog\/wp-json\/wp\/v2\/categories?post=13876"},{"taxonomy":"post_tag","embeddable":true,"href":"https:\/\/www.kepfenyezo.hu\/blog\/wp-json\/wp\/v2\/tags?post=13876"}],"curies":[{"name":"wp","href":"https:\/\/api.w.org\/{rel}","templated":true}]}}