{"id":1483,"date":"2009-07-03T22:00:35","date_gmt":"2009-07-03T21:00:35","guid":{"rendered":"http:\/\/www.blog.kepfenyezo.hu\/?p=1483"},"modified":"2010-03-25T12:09:48","modified_gmt":"2010-03-25T11:09:48","slug":"melinda-emilio","status":"publish","type":"post","link":"https:\/\/www.kepfenyezo.hu\/blog\/eskuvo\/melinda-emilio\/","title":{"rendered":"Melinda &#038; Emilio"},"content":{"rendered":"<p><img loading=\"lazy\" class=\"aligncenter size-medium wp-image-1542\" title=\"melinda-emilio-eskuvo-08\" src=\"https:\/\/www.kepfenyezo.hu\/blog\/wp-content\/uploads\/2009\/07\/melinda-emilio-eskuvo-08-400x265.jpg\" alt=\"melinda-emilio-eskuvo-08\" width=\"400\" height=\"265\" srcset=\"https:\/\/www.kepfenyezo.hu\/blog\/wp-content\/uploads\/2009\/07\/melinda-emilio-eskuvo-08-400x265.jpg 400w, https:\/\/www.kepfenyezo.hu\/blog\/wp-content\/uploads\/2009\/07\/melinda-emilio-eskuvo-08.jpg 640w\" sizes=\"(max-width: 400px) 100vw, 400px\" \/><\/p>\n<p><img class=\"alignright size-medium wp-image-1517\" style=\"margin: 3px;\" title=\"melinda-emilio-eskuvo-24\" src=\"https:\/\/www.kepfenyezo.hu\/blog\/wp-content\/uploads\/2009\/06\/melinda-emilio-eskuvo-24-199x300.jpg\" alt=\"melinda-emilio-eskuvo-24\" height=\"150\" srcset=\"https:\/\/www.kepfenyezo.hu\/blog\/wp-content\/uploads\/2009\/06\/melinda-emilio-eskuvo-24-199x300.jpg 199w, https:\/\/www.kepfenyezo.hu\/blog\/wp-content\/uploads\/2009\/06\/melinda-emilio-eskuvo-24.jpg 319w\" sizes=\"(max-width: 199px) 100vw, 199px\" \/>Esk\u00fcv\u0151n j\u00e1rtam ism\u00e9t \u2013 de most a n\u00e1szn\u00e9p fele spanyol volt. A hangulatot legjobban tal\u00e1n az \u00edrn\u00e1 le, ahogy a g\u00e9p el\u0151tt \u00fcltem, a sok napot\/est\u00e9t kit\u00f6lt\u0151 ut\u00f3munka alatt. Ahogy mondani szokt\u00e1k, helyenk\u00e9nt vigyorogtam, mint a vadalma\u2026 ahogy lapozgattam a k\u00e9peket, \u00fajra eszembe jutott minden.<\/p>\n<p><em>Otra vez he participado en una boda &#8211; pero esta vez la mitad de los invitantes han sido espanoles. Para describir el ambiente cuento c\u00f3mo estaba sentado ante la computadora durante el trabajo con las fotos que me costaban bastantes d\u00edas y noches. Como dicen, a veces re\u00eda a carcajadas&#8230; ojeando las fotos me vinieron en la mente los momentos mas importantes.<\/em><\/p>\n<p><img class=\"alignright size-medium wp-image-1494\" style=\"margin: 3px;\" title=\"melinda-emilio-eskuvo-01\" src=\"https:\/\/www.kepfenyezo.hu\/blog\/wp-content\/uploads\/2009\/06\/melinda-emilio-eskuvo-01-400x265.jpg\" alt=\"melinda-emilio-eskuvo-01\" width=\"200\" srcset=\"https:\/\/www.kepfenyezo.hu\/blog\/wp-content\/uploads\/2009\/06\/melinda-emilio-eskuvo-01-400x265.jpg 400w, https:\/\/www.kepfenyezo.hu\/blog\/wp-content\/uploads\/2009\/06\/melinda-emilio-eskuvo-01.jpg 640w\" sizes=\"(max-width: 400px) 100vw, 400px\" \/>Sok-sok bar\u00e1t, aki csak Melind\u00e1\u00e9rt \u00e9s Emilio-\u00e9rt j\u00f6tt el Spanyolorsz\u00e1gb\u00f3l, pedig ez nem kis t\u00e1vols\u00e1g\u2026 A \u201eVivan los novios!\u201d, amit napk\u00f6zben sz\u00e1mtalanszor hallottunk; az ov\u00e1ci\u00f3 az anyak\u00f6nyvvezet\u0151n\u00e9l, amin \u0151 lep\u0151d\u00f6tt meg tal\u00e1n a legjobban. Meg az olyan tr\u00e9f\u00e1s r\u00e9szletek, mint az anyak\u00f6nyv al\u00e1\u00edr\u00e1sa k\u00f6zben kifogy\u00f3 toll; a csal\u00e1di k\u00f6rben tartott nem hivatalos, de ann\u00e1l szem\u00e9lyesebb fogadalom (\u201eelfogadom a sz\u00fcletend\u0151 kis madridist\u00e1kat\u201d :) ); a bar\u00e1tn\u0151k \u00e9s a j\u00f3kedv a k\u00e9sz\u00fcl\u0151d\u00e9s\/\u00f6lt\u00f6zk\u00f6d\u00e9s k\u00f6zben, vagy a v\u0151leg\u00e9ny \u00e9s az \u00f6r\u00f6manya meghitt, nyugodt csendes k\u00e9sz\u00fcl\u0151d\u00e9se az esk\u00fcv\u0151 el\u0151tt.<\/p>\n<p><em><img class=\"alignright size-medium wp-image-1497\" style=\"margin: 3px;\" title=\"melinda-emilio-eskuvo-04\" src=\"https:\/\/www.kepfenyezo.hu\/blog\/wp-content\/uploads\/2009\/06\/melinda-emilio-eskuvo-04-400x265.jpg\" alt=\"melinda-emilio-eskuvo-04\" width=\"200\" srcset=\"https:\/\/www.kepfenyezo.hu\/blog\/wp-content\/uploads\/2009\/06\/melinda-emilio-eskuvo-04-400x265.jpg 400w, https:\/\/www.kepfenyezo.hu\/blog\/wp-content\/uploads\/2009\/06\/melinda-emilio-eskuvo-04.jpg 640w\" sizes=\"(max-width: 400px) 100vw, 400px\" \/>El mont\u00f3n de amigos que vinieron a ver a Melinda y a Emilio desde Espana, que no est\u00e1 muy cerca&#8230;\u00a0 La frase &#8220;Vivan los novios!&#8221; que se o\u00eda muchas veces durante todo el d\u00eda, \u00a0la ovaci\u00f3n en el Registro Civil que sorprendi\u00f3 al oficial m\u00e1s que a nadie m\u00e1s. Y los detalles chistosos, como el bol\u00edgrafo que dej\u00f3 de funcionar durante las firmas, las promesas no oficiales, pero muy \u00edntimas que se hicieron en familia (&#8220;acepto a los pequenos madridistas que van a nacer&#8221;), las amigas y las risas vistiendo y prepar\u00e1ndose, o la tranquila e \u00edntima preparaci\u00f3n del novio y su madre antes de la boda.<\/em><\/p>\n<p><img class=\"alignright size-medium wp-image-1498\" style=\"margin: 3px;\" title=\"melinda-emilio-eskuvo-05\" src=\"https:\/\/www.kepfenyezo.hu\/blog\/wp-content\/uploads\/2009\/06\/melinda-emilio-eskuvo-05-400x265.jpg\" alt=\"melinda-emilio-eskuvo-05\" width=\"200\" srcset=\"https:\/\/www.kepfenyezo.hu\/blog\/wp-content\/uploads\/2009\/06\/melinda-emilio-eskuvo-05-400x265.jpg 400w, https:\/\/www.kepfenyezo.hu\/blog\/wp-content\/uploads\/2009\/06\/melinda-emilio-eskuvo-05.jpg 640w\" sizes=\"(max-width: 400px) 100vw, 400px\" \/>Megannyi remek pillanat, egy nagyon j\u00f3 kis t\u00e1rsas\u00e1g, \u00c9rzelmek, felszabadult vid\u00e1ms\u00e1g. Var\u00e1zslatos \u00e9lm\u00e9ny volt \u2013 azt m\u00e1r tudom, spanyolok k\u00f6z\u00e9, vagy ak\u00e1r Spanyolorsz\u00e1gba sz\u00edvesen megyek f\u00e9nyk\u00e9pezni m\u00e1skor is. :)<\/p>\n<p><em>Muchos momentos inolvidables, una compania estudpenda.\u00a0 Emociones, alegr\u00eda desprendida. Ha sido una experiencia m\u00e1gica: ya s\u00e9 que entre espanoles o a Espana voy a ir a hacer fotos con muchas ganas. :)<\/em><\/p>\n<p><img class=\"alignright size-medium wp-image-1515\" style=\"margin: 3px;\" title=\"melinda-emilio-eskuvo-22\" src=\"https:\/\/www.kepfenyezo.hu\/blog\/wp-content\/uploads\/2009\/06\/melinda-emilio-eskuvo-22-400x265.jpg\" alt=\"melinda-emilio-eskuvo-22\" width=\"200\" srcset=\"https:\/\/www.kepfenyezo.hu\/blog\/wp-content\/uploads\/2009\/06\/melinda-emilio-eskuvo-22-400x265.jpg 400w, https:\/\/www.kepfenyezo.hu\/blog\/wp-content\/uploads\/2009\/06\/melinda-emilio-eskuvo-22.jpg 640w\" sizes=\"(max-width: 400px) 100vw, 400px\" \/>\u00c9s persze, egy ragyog\u00f3 sz\u00e9ps\u00e9g\u0171 menyasszony, egy mosolyg\u00f3s ifj\u00fa p\u00e1r. Remek \u00f6tlet volt a s\u00e9tahaj\u00f3z\u00e1s a Dun\u00e1n, Budapest k\u00f6zep\u00e9n. Az egyik legszebb arc\u00e1t mutatta a v\u00e1ros azok fel\u00e9, akik m\u00e9g nem ismert\u00e9k. Mert sz\u00e9p ez a v\u00e1ros, szeretem nagyon, nem v\u00e9letlen\u00fcl van tele a blog is budapesti f\u00e9nyk\u00e9pekkel. De sosem l\u00e1ttam m\u00e9g a Parlamentet \u00fagy, ahogy a Duna k\u00f6zep\u00e9r\u0151l l\u00e1tszik. \u00c9s j\u00f3l \u00e1llt az \u00e9p\u00fcletnek egy menyasszony is\u2026 :)<\/p>\n<p><em><img class=\"alignright size-medium wp-image-1511\" style=\"margin: 3px;\" title=\"melinda-emilio-eskuvo-18\" src=\"https:\/\/www.kepfenyezo.hu\/blog\/wp-content\/uploads\/2009\/06\/melinda-emilio-eskuvo-18-400x265.jpg\" alt=\"melinda-emilio-eskuvo-18\" width=\"200\" srcset=\"https:\/\/www.kepfenyezo.hu\/blog\/wp-content\/uploads\/2009\/06\/melinda-emilio-eskuvo-18-400x265.jpg 400w, https:\/\/www.kepfenyezo.hu\/blog\/wp-content\/uploads\/2009\/06\/melinda-emilio-eskuvo-18.jpg 640w\" sizes=\"(max-width: 400px) 100vw, 400px\" \/>Y, por supuesto, la novia de belleza radiante, la pareja sonriendo felizmente. La navegaci\u00f3n en el Danubio, en el coraz\u00f3n de Budapest, tambi\u00e9n ha sido una buena idea. La ciudad mostr\u00f3 uno de sus rostros m\u00e1s hermosos a los que a\u00fan no la conocieron. Porque Budapest es una ciudad muy bella, me gusta mucho, es por eso que mi blog est\u00e1 lleno de fotos sobre la ciudad. Pero nunca he visto antes el Parlamento desde el r\u00edo Danubio. Y la novia hizo a\u00fan m\u00e1s bonito al Parlamento&#8230; :)<\/em><\/p>\n<p><img class=\"alignright size-medium wp-image-1518\" style=\"margin: 3px;\" title=\"melinda-emilio-eskuvo-25\" src=\"https:\/\/www.kepfenyezo.hu\/blog\/wp-content\/uploads\/2009\/06\/melinda-emilio-eskuvo-25-400x265.jpg\" alt=\"melinda-emilio-eskuvo-25\" width=\"200\" srcset=\"https:\/\/www.kepfenyezo.hu\/blog\/wp-content\/uploads\/2009\/06\/melinda-emilio-eskuvo-25-400x265.jpg 400w, https:\/\/www.kepfenyezo.hu\/blog\/wp-content\/uploads\/2009\/06\/melinda-emilio-eskuvo-25.jpg 640w\" sizes=\"(max-width: 400px) 100vw, 400px\" \/>V\u00e9gre meg\u00e9rt\u00fck azt is, hogy nem csak egyed\u00fcl mentem fot\u00f3zni \u2013 a k\u00e9pek egy r\u00e9sz\u00e9\u00e9rt k\u00f6sz\u00f6net \u00e9s minden elismer\u00e9sem Julinak; akivel a f\u00e9nyk\u00e9pez\u0151g\u00e9p mindk\u00e9t oldal\u00e1n tal\u00e1lkozunk m\u00e9g itt a k\u00f6zelj\u00f6v\u0151ben\u2026 r\u00e9g\u00f3ta terveztem, mostanra megval\u00f3sulni l\u00e1tszik: t\u00f6bb szem t\u00f6bbet \u00e9s m\u00e1sk\u00e9nt l\u00e1t. \u00cdgy az itt l\u00e1that\u00f3 k\u00e9pek m\u00e1r k\u00f6z\u00f6s munka gy\u00fcm\u00f6lcsei. :)<\/p>\n<p><em><img class=\"alignright size-medium wp-image-1521\" style=\"margin: 3px;\" title=\"melinda-emilio-eskuvo-28\" src=\"https:\/\/www.kepfenyezo.hu\/blog\/wp-content\/uploads\/2009\/06\/melinda-emilio-eskuvo-28-199x300.jpg\" alt=\"melinda-emilio-eskuvo-28\" height=\"150\" srcset=\"https:\/\/www.kepfenyezo.hu\/blog\/wp-content\/uploads\/2009\/06\/melinda-emilio-eskuvo-28-199x300.jpg 199w, https:\/\/www.kepfenyezo.hu\/blog\/wp-content\/uploads\/2009\/06\/melinda-emilio-eskuvo-28.jpg 319w\" sizes=\"(max-width: 199px) 100vw, 199px\" \/>Lleg\u00f3 el momento para que no haga las fotos yo solo: gracias y agradecimientos a Juli a por las fotos que hiz\u00f3 ella: espero que vamos a encontrarnos en ambos lados de la c\u00e1mara en el futuro. Lo planeo desde hace mucho tiempo, y ahora se hace realidad: m\u00e1s personas ven m\u00e1s y de otro modo. As\u00ed que las fotos que ve\u00e1is aqu\u00ed ya son el fruto de un trabajo com\u00fan. :)<\/em><\/p>\n<p>Diavet\u00edt\u00e9s \/ <em>Diapositivas<\/em> \/ Slideshow:<\/p>\n<p style=\"text-align: center;\"><a href=\"http:\/\/www.eskuvo.kepfenyezo.hu\/galleries\/2009\/melinda-emilio\/\"><img loading=\"lazy\" class=\"aligncenter size-medium wp-image-1543\" title=\"melinda-emilio-eskuvo-09\" src=\"https:\/\/www.kepfenyezo.hu\/blog\/wp-content\/uploads\/2009\/07\/melinda-emilio-eskuvo-09-400x266.jpg\" alt=\"melinda-emilio-eskuvo-09\" width=\"400\" height=\"266\" srcset=\"https:\/\/www.kepfenyezo.hu\/blog\/wp-content\/uploads\/2009\/07\/melinda-emilio-eskuvo-09-400x266.jpg 400w, https:\/\/www.kepfenyezo.hu\/blog\/wp-content\/uploads\/2009\/07\/melinda-emilio-eskuvo-09.jpg 640w\" sizes=\"(max-width: 400px) 100vw, 400px\" \/><\/a><\/p>\n<p style=\"text-align: center;\">A k\u00e9pre kattintva ind\u00edthat\u00f3<br \/>\n<em>Para ver las diapositivas con m\u00fasica hay que cliquear en las im\u00e1genes<\/em><a href=\"http:\/\/www.eskuvo.kepfenyezo.hu\/galleries\/2009\/melinda-emilio\/\"><\/a><\/p>\n<div data-carousel-extra='{\"blog_id\":1,\"permalink\":\"https:\\\/\\\/www.kepfenyezo.hu\\\/blog\\\/eskuvo\\\/melinda-emilio\\\/\"}' class=\"tiled-gallery type-rectangular\" data-original-width=\"756\"><div class=\"gallery-row\" style=\"width: 751px; height: 330px;\"><div class=\"gallery-group images-1\" style=\"width: 501px; height: 334px;\"><div class=\"tiled-gallery-item tiled-gallery-item-large\"><a href=\"https:\/\/www.kepfenyezo.hu\/blog\/wp-content\/uploads\/2009\/06\/melinda-emilio-eskuvo-01.jpg\"><img data-attachment-id=\"1494\" data-orig-file=\"https:\/\/www.kepfenyezo.hu\/blog\/wp-content\/uploads\/2009\/06\/melinda-emilio-eskuvo-01.jpg\" data-orig-size=\"640,425\" data-comments-opened=\"1\" data-image-meta=\"{&quot;aperture&quot;:&quot;0&quot;,&quot;credit&quot;:&quot;&quot;,&quot;camera&quot;:&quot;&quot;,&quot;caption&quot;:&quot;&quot;,&quot;created_timestamp&quot;:&quot;0&quot;,&quot;copyright&quot;:&quot;&quot;,&quot;focal_length&quot;:&quot;0&quot;,&quot;iso&quot;:&quot;0&quot;,&quot;shutter_speed&quot;:&quot;0&quot;,&quot;title&quot;:&quot;&quot;}\" data-image-title=\"melinda-emilio-eskuvo-01\" data-image-description=\"\" data-medium-file=\"https:\/\/www.kepfenyezo.hu\/blog\/wp-content\/uploads\/2009\/06\/melinda-emilio-eskuvo-01-400x265.jpg\" data-large-file=\"https:\/\/www.kepfenyezo.hu\/blog\/wp-content\/uploads\/2009\/06\/melinda-emilio-eskuvo-01.jpg\" src=\"https:\/\/www.kepfenyezo.hu\/blog\/wp-content\/uploads\/2009\/06\/melinda-emilio-eskuvo-01-497x330.jpg\" width=\"497\" height=\"330\" align=\"left\" title=\"melinda-emilio-eskuvo-01\" \/><\/a><\/div><\/div><div class=\"gallery-group images-2\" style=\"width: 250px; height: 334px;\"><div class=\"tiled-gallery-item tiled-gallery-item-small\"><a href=\"https:\/\/www.kepfenyezo.hu\/blog\/wp-content\/uploads\/2009\/06\/melinda-emilio-eskuvo-02.jpg\"><img data-attachment-id=\"1495\" data-orig-file=\"https:\/\/www.kepfenyezo.hu\/blog\/wp-content\/uploads\/2009\/06\/melinda-emilio-eskuvo-02.jpg\" data-orig-size=\"640,425\" data-comments-opened=\"1\" data-image-meta=\"{&quot;aperture&quot;:&quot;0&quot;,&quot;credit&quot;:&quot;&quot;,&quot;camera&quot;:&quot;&quot;,&quot;caption&quot;:&quot;&quot;,&quot;created_timestamp&quot;:&quot;0&quot;,&quot;copyright&quot;:&quot;&quot;,&quot;focal_length&quot;:&quot;0&quot;,&quot;iso&quot;:&quot;0&quot;,&quot;shutter_speed&quot;:&quot;0&quot;,&quot;title&quot;:&quot;&quot;}\" data-image-title=\"melinda-emilio-eskuvo-02\" data-image-description=\"\" data-medium-file=\"https:\/\/www.kepfenyezo.hu\/blog\/wp-content\/uploads\/2009\/06\/melinda-emilio-eskuvo-02-400x265.jpg\" data-large-file=\"https:\/\/www.kepfenyezo.hu\/blog\/wp-content\/uploads\/2009\/06\/melinda-emilio-eskuvo-02.jpg\" src=\"https:\/\/www.kepfenyezo.hu\/blog\/wp-content\/uploads\/2009\/06\/melinda-emilio-eskuvo-02-246x163.jpg\" width=\"246\" height=\"163\" align=\"left\" title=\"melinda-emilio-eskuvo-02\" \/><\/a><\/div><div class=\"tiled-gallery-item tiled-gallery-item-small\"><a href=\"https:\/\/www.kepfenyezo.hu\/blog\/wp-content\/uploads\/2009\/06\/melinda-emilio-eskuvo-03.jpg\"><img data-attachment-id=\"1496\" data-orig-file=\"https:\/\/www.kepfenyezo.hu\/blog\/wp-content\/uploads\/2009\/06\/melinda-emilio-eskuvo-03.jpg\" data-orig-size=\"640,425\" data-comments-opened=\"1\" data-image-meta=\"{&quot;aperture&quot;:&quot;0&quot;,&quot;credit&quot;:&quot;&quot;,&quot;camera&quot;:&quot;&quot;,&quot;caption&quot;:&quot;&quot;,&quot;created_timestamp&quot;:&quot;0&quot;,&quot;copyright&quot;:&quot;&quot;,&quot;focal_length&quot;:&quot;0&quot;,&quot;iso&quot;:&quot;0&quot;,&quot;shutter_speed&quot;:&quot;0&quot;,&quot;title&quot;:&quot;&quot;}\" data-image-title=\"melinda-emilio-eskuvo-03\" data-image-description=\"\" data-medium-file=\"https:\/\/www.kepfenyezo.hu\/blog\/wp-content\/uploads\/2009\/06\/melinda-emilio-eskuvo-03-400x265.jpg\" data-large-file=\"https:\/\/www.kepfenyezo.hu\/blog\/wp-content\/uploads\/2009\/06\/melinda-emilio-eskuvo-03.jpg\" src=\"https:\/\/www.kepfenyezo.hu\/blog\/wp-content\/uploads\/2009\/06\/melinda-emilio-eskuvo-03-246x163.jpg\" width=\"246\" height=\"163\" align=\"left\" title=\"melinda-emilio-eskuvo-03\" \/><\/a><\/div><\/div><\/div><div class=\"gallery-row\" style=\"width: 751px; height: 526px;\"><div class=\"gallery-group images-2\" style=\"width: 397px; height: 530px;\"><div class=\"tiled-gallery-item tiled-gallery-item-large\"><a href=\"https:\/\/www.kepfenyezo.hu\/blog\/wp-content\/uploads\/2009\/06\/melinda-emilio-eskuvo-04.jpg\"><img data-attachment-id=\"1497\" data-orig-file=\"https:\/\/www.kepfenyezo.hu\/blog\/wp-content\/uploads\/2009\/06\/melinda-emilio-eskuvo-04.jpg\" data-orig-size=\"640,425\" data-comments-opened=\"1\" data-image-meta=\"{&quot;aperture&quot;:&quot;0&quot;,&quot;credit&quot;:&quot;&quot;,&quot;camera&quot;:&quot;&quot;,&quot;caption&quot;:&quot;&quot;,&quot;created_timestamp&quot;:&quot;0&quot;,&quot;copyright&quot;:&quot;&quot;,&quot;focal_length&quot;:&quot;0&quot;,&quot;iso&quot;:&quot;0&quot;,&quot;shutter_speed&quot;:&quot;0&quot;,&quot;title&quot;:&quot;&quot;}\" data-image-title=\"melinda-emilio-eskuvo-04\" data-image-description=\"\" data-medium-file=\"https:\/\/www.kepfenyezo.hu\/blog\/wp-content\/uploads\/2009\/06\/melinda-emilio-eskuvo-04-400x265.jpg\" data-large-file=\"https:\/\/www.kepfenyezo.hu\/blog\/wp-content\/uploads\/2009\/06\/melinda-emilio-eskuvo-04.jpg\" src=\"https:\/\/www.kepfenyezo.hu\/blog\/wp-content\/uploads\/2009\/06\/melinda-emilio-eskuvo-04-393x261.jpg\" width=\"393\" height=\"261\" align=\"left\" title=\"melinda-emilio-eskuvo-04\" \/><\/a><\/div><div class=\"tiled-gallery-item tiled-gallery-item-large\"><a href=\"https:\/\/www.kepfenyezo.hu\/blog\/wp-content\/uploads\/2009\/06\/melinda-emilio-eskuvo-05.jpg\"><img data-attachment-id=\"1498\" data-orig-file=\"https:\/\/www.kepfenyezo.hu\/blog\/wp-content\/uploads\/2009\/06\/melinda-emilio-eskuvo-05.jpg\" data-orig-size=\"640,425\" data-comments-opened=\"1\" data-image-meta=\"{&quot;aperture&quot;:&quot;0&quot;,&quot;credit&quot;:&quot;&quot;,&quot;camera&quot;:&quot;&quot;,&quot;caption&quot;:&quot;&quot;,&quot;created_timestamp&quot;:&quot;0&quot;,&quot;copyright&quot;:&quot;&quot;,&quot;focal_length&quot;:&quot;0&quot;,&quot;iso&quot;:&quot;0&quot;,&quot;shutter_speed&quot;:&quot;0&quot;,&quot;title&quot;:&quot;&quot;}\" data-image-title=\"melinda-emilio-eskuvo-05\" data-image-description=\"\" data-medium-file=\"https:\/\/www.kepfenyezo.hu\/blog\/wp-content\/uploads\/2009\/06\/melinda-emilio-eskuvo-05-400x265.jpg\" data-large-file=\"https:\/\/www.kepfenyezo.hu\/blog\/wp-content\/uploads\/2009\/06\/melinda-emilio-eskuvo-05.jpg\" src=\"https:\/\/www.kepfenyezo.hu\/blog\/wp-content\/uploads\/2009\/06\/melinda-emilio-eskuvo-05-393x261.jpg\" width=\"393\" height=\"261\" align=\"left\" title=\"melinda-emilio-eskuvo-05\" \/><\/a><\/div><\/div><div class=\"gallery-group images-1\" style=\"width: 354px; height: 530px;\"><div class=\"tiled-gallery-item tiled-gallery-item-large\"><a href=\"https:\/\/www.kepfenyezo.hu\/blog\/wp-content\/uploads\/2009\/06\/melinda-emilio-eskuvo-06.jpg\"><img data-attachment-id=\"1499\" data-orig-file=\"https:\/\/www.kepfenyezo.hu\/blog\/wp-content\/uploads\/2009\/06\/melinda-emilio-eskuvo-06.jpg\" data-orig-size=\"319,480\" data-comments-opened=\"1\" data-image-meta=\"{&quot;aperture&quot;:&quot;0&quot;,&quot;credit&quot;:&quot;&quot;,&quot;camera&quot;:&quot;&quot;,&quot;caption&quot;:&quot;&quot;,&quot;created_timestamp&quot;:&quot;0&quot;,&quot;copyright&quot;:&quot;&quot;,&quot;focal_length&quot;:&quot;0&quot;,&quot;iso&quot;:&quot;0&quot;,&quot;shutter_speed&quot;:&quot;0&quot;,&quot;title&quot;:&quot;&quot;}\" data-image-title=\"melinda-emilio-eskuvo-06\" data-image-description=\"\" data-medium-file=\"https:\/\/www.kepfenyezo.hu\/blog\/wp-content\/uploads\/2009\/06\/melinda-emilio-eskuvo-06-199x300.jpg\" data-large-file=\"https:\/\/www.kepfenyezo.hu\/blog\/wp-content\/uploads\/2009\/06\/melinda-emilio-eskuvo-06.jpg\" src=\"https:\/\/www.kepfenyezo.hu\/blog\/wp-content\/uploads\/2009\/06\/melinda-emilio-eskuvo-06.jpg\" width=\"350\" height=\"526\" align=\"left\" title=\"melinda-emilio-eskuvo-06\" \/><\/a><\/div><\/div><\/div><div class=\"gallery-row\" style=\"width: 751px; height: 164px;\"><div class=\"gallery-group images-1\" style=\"width: 250px; height: 168px;\"><div class=\"tiled-gallery-item tiled-gallery-item-small\"><a href=\"https:\/\/www.kepfenyezo.hu\/blog\/wp-content\/uploads\/2009\/06\/melinda-emilio-eskuvo-07.jpg\"><img data-attachment-id=\"1500\" data-orig-file=\"https:\/\/www.kepfenyezo.hu\/blog\/wp-content\/uploads\/2009\/06\/melinda-emilio-eskuvo-07.jpg\" data-orig-size=\"640,426\" data-comments-opened=\"1\" data-image-meta=\"{&quot;aperture&quot;:&quot;0&quot;,&quot;credit&quot;:&quot;&quot;,&quot;camera&quot;:&quot;&quot;,&quot;caption&quot;:&quot;&quot;,&quot;created_timestamp&quot;:&quot;0&quot;,&quot;copyright&quot;:&quot;&quot;,&quot;focal_length&quot;:&quot;0&quot;,&quot;iso&quot;:&quot;0&quot;,&quot;shutter_speed&quot;:&quot;0&quot;,&quot;title&quot;:&quot;&quot;}\" data-image-title=\"melinda-emilio-eskuvo-07\" data-image-description=\"\" data-medium-file=\"https:\/\/www.kepfenyezo.hu\/blog\/wp-content\/uploads\/2009\/06\/melinda-emilio-eskuvo-07-400x266.jpg\" data-large-file=\"https:\/\/www.kepfenyezo.hu\/blog\/wp-content\/uploads\/2009\/06\/melinda-emilio-eskuvo-07.jpg\" src=\"https:\/\/www.kepfenyezo.hu\/blog\/wp-content\/uploads\/2009\/06\/melinda-emilio-eskuvo-07-246x164.jpg\" width=\"246\" height=\"164\" align=\"left\" title=\"melinda-emilio-eskuvo-07\" \/><\/a><\/div><\/div><div class=\"gallery-group images-1\" style=\"width: 251px; height: 168px;\"><div class=\"tiled-gallery-item tiled-gallery-item-small\"><a href=\"https:\/\/www.kepfenyezo.hu\/blog\/wp-content\/uploads\/2009\/07\/melinda-emilio-eskuvo-08.jpg\"><img data-attachment-id=\"1542\" data-orig-file=\"https:\/\/www.kepfenyezo.hu\/blog\/wp-content\/uploads\/2009\/07\/melinda-emilio-eskuvo-08.jpg\" data-orig-size=\"640,425\" data-comments-opened=\"1\" data-image-meta=\"{&quot;aperture&quot;:&quot;0&quot;,&quot;credit&quot;:&quot;&quot;,&quot;camera&quot;:&quot;&quot;,&quot;caption&quot;:&quot;&quot;,&quot;created_timestamp&quot;:&quot;0&quot;,&quot;copyright&quot;:&quot;&quot;,&quot;focal_length&quot;:&quot;0&quot;,&quot;iso&quot;:&quot;0&quot;,&quot;shutter_speed&quot;:&quot;0&quot;,&quot;title&quot;:&quot;&quot;}\" data-image-title=\"melinda-emilio-eskuvo-08\" data-image-description=\"\" data-medium-file=\"https:\/\/www.kepfenyezo.hu\/blog\/wp-content\/uploads\/2009\/07\/melinda-emilio-eskuvo-08-400x265.jpg\" data-large-file=\"https:\/\/www.kepfenyezo.hu\/blog\/wp-content\/uploads\/2009\/07\/melinda-emilio-eskuvo-08.jpg\" src=\"https:\/\/www.kepfenyezo.hu\/blog\/wp-content\/uploads\/2009\/07\/melinda-emilio-eskuvo-08-247x164.jpg\" width=\"247\" height=\"164\" align=\"left\" title=\"melinda-emilio-eskuvo-08\" \/><\/a><\/div><\/div><div class=\"gallery-group images-1\" style=\"width: 250px; height: 168px;\"><div class=\"tiled-gallery-item tiled-gallery-item-small\"><a href=\"https:\/\/www.kepfenyezo.hu\/blog\/wp-content\/uploads\/2009\/07\/melinda-emilio-eskuvo-09.jpg\"><img data-attachment-id=\"1543\" data-orig-file=\"https:\/\/www.kepfenyezo.hu\/blog\/wp-content\/uploads\/2009\/07\/melinda-emilio-eskuvo-09.jpg\" data-orig-size=\"640,426\" data-comments-opened=\"1\" data-image-meta=\"{&quot;aperture&quot;:&quot;0&quot;,&quot;credit&quot;:&quot;&quot;,&quot;camera&quot;:&quot;&quot;,&quot;caption&quot;:&quot;&quot;,&quot;created_timestamp&quot;:&quot;0&quot;,&quot;copyright&quot;:&quot;&quot;,&quot;focal_length&quot;:&quot;0&quot;,&quot;iso&quot;:&quot;0&quot;,&quot;shutter_speed&quot;:&quot;0&quot;,&quot;title&quot;:&quot;&quot;}\" data-image-title=\"melinda-emilio-eskuvo-09\" data-image-description=\"\" data-medium-file=\"https:\/\/www.kepfenyezo.hu\/blog\/wp-content\/uploads\/2009\/07\/melinda-emilio-eskuvo-09-400x266.jpg\" data-large-file=\"https:\/\/www.kepfenyezo.hu\/blog\/wp-content\/uploads\/2009\/07\/melinda-emilio-eskuvo-09.jpg\" src=\"https:\/\/www.kepfenyezo.hu\/blog\/wp-content\/uploads\/2009\/07\/melinda-emilio-eskuvo-09-246x164.jpg\" width=\"246\" height=\"164\" align=\"left\" title=\"melinda-emilio-eskuvo-09\" \/><\/a><\/div><\/div><\/div><div class=\"gallery-row\" style=\"width: 751px; height: 343px;\"><div class=\"gallery-group images-1\" style=\"width: 519px; height: 347px;\"><div class=\"tiled-gallery-item tiled-gallery-item-large\"><a href=\"https:\/\/www.kepfenyezo.hu\/blog\/wp-content\/uploads\/2009\/06\/melinda-emilio-eskuvo-10.jpg\"><img data-attachment-id=\"1503\" data-orig-file=\"https:\/\/www.kepfenyezo.hu\/blog\/wp-content\/uploads\/2009\/06\/melinda-emilio-eskuvo-10.jpg\" data-orig-size=\"640,427\" data-comments-opened=\"1\" data-image-meta=\"{&quot;aperture&quot;:&quot;0&quot;,&quot;credit&quot;:&quot;&quot;,&quot;camera&quot;:&quot;&quot;,&quot;caption&quot;:&quot;&quot;,&quot;created_timestamp&quot;:&quot;0&quot;,&quot;copyright&quot;:&quot;&quot;,&quot;focal_length&quot;:&quot;0&quot;,&quot;iso&quot;:&quot;0&quot;,&quot;shutter_speed&quot;:&quot;0&quot;,&quot;title&quot;:&quot;&quot;}\" data-image-title=\"melinda-emilio-eskuvo-10\" data-image-description=\"\" data-medium-file=\"https:\/\/www.kepfenyezo.hu\/blog\/wp-content\/uploads\/2009\/06\/melinda-emilio-eskuvo-10-400x266.jpg\" data-large-file=\"https:\/\/www.kepfenyezo.hu\/blog\/wp-content\/uploads\/2009\/06\/melinda-emilio-eskuvo-10.jpg\" src=\"https:\/\/www.kepfenyezo.hu\/blog\/wp-content\/uploads\/2009\/06\/melinda-emilio-eskuvo-10-515x343.jpg\" width=\"515\" height=\"343\" align=\"left\" title=\"melinda-emilio-eskuvo-10\" \/><\/a><\/div><\/div><div class=\"gallery-group images-1\" style=\"width: 232px; height: 347px;\"><div class=\"tiled-gallery-item tiled-gallery-item-small\"><a href=\"https:\/\/www.kepfenyezo.hu\/blog\/wp-content\/uploads\/2009\/06\/melinda-emilio-eskuvo-11.jpg\"><img data-attachment-id=\"1504\" data-orig-file=\"https:\/\/www.kepfenyezo.hu\/blog\/wp-content\/uploads\/2009\/06\/melinda-emilio-eskuvo-11.jpg\" data-orig-size=\"319,480\" data-comments-opened=\"1\" data-image-meta=\"{&quot;aperture&quot;:&quot;0&quot;,&quot;credit&quot;:&quot;&quot;,&quot;camera&quot;:&quot;&quot;,&quot;caption&quot;:&quot;&quot;,&quot;created_timestamp&quot;:&quot;0&quot;,&quot;copyright&quot;:&quot;&quot;,&quot;focal_length&quot;:&quot;0&quot;,&quot;iso&quot;:&quot;0&quot;,&quot;shutter_speed&quot;:&quot;0&quot;,&quot;title&quot;:&quot;&quot;}\" data-image-title=\"melinda-emilio-eskuvo-11\" data-image-description=\"\" data-medium-file=\"https:\/\/www.kepfenyezo.hu\/blog\/wp-content\/uploads\/2009\/06\/melinda-emilio-eskuvo-11-199x300.jpg\" data-large-file=\"https:\/\/www.kepfenyezo.hu\/blog\/wp-content\/uploads\/2009\/06\/melinda-emilio-eskuvo-11.jpg\" src=\"https:\/\/www.kepfenyezo.hu\/blog\/wp-content\/uploads\/2009\/06\/melinda-emilio-eskuvo-11-228x343.jpg\" width=\"228\" height=\"343\" align=\"left\" title=\"melinda-emilio-eskuvo-11\" \/><\/a><\/div><\/div><\/div><div class=\"gallery-row\" style=\"width: 751px; height: 330px;\"><div class=\"gallery-group images-1\" style=\"width: 501px; height: 334px;\"><div class=\"tiled-gallery-item tiled-gallery-item-large\"><a href=\"https:\/\/www.kepfenyezo.hu\/blog\/wp-content\/uploads\/2009\/06\/melinda-emilio-eskuvo-12.jpg\"><img data-attachment-id=\"1505\" data-orig-file=\"https:\/\/www.kepfenyezo.hu\/blog\/wp-content\/uploads\/2009\/06\/melinda-emilio-eskuvo-12.jpg\" data-orig-size=\"640,425\" data-comments-opened=\"1\" data-image-meta=\"{&quot;aperture&quot;:&quot;0&quot;,&quot;credit&quot;:&quot;&quot;,&quot;camera&quot;:&quot;&quot;,&quot;caption&quot;:&quot;&quot;,&quot;created_timestamp&quot;:&quot;0&quot;,&quot;copyright&quot;:&quot;&quot;,&quot;focal_length&quot;:&quot;0&quot;,&quot;iso&quot;:&quot;0&quot;,&quot;shutter_speed&quot;:&quot;0&quot;,&quot;title&quot;:&quot;&quot;}\" data-image-title=\"melinda-emilio-eskuvo-12\" data-image-description=\"\" data-medium-file=\"https:\/\/www.kepfenyezo.hu\/blog\/wp-content\/uploads\/2009\/06\/melinda-emilio-eskuvo-12-400x265.jpg\" data-large-file=\"https:\/\/www.kepfenyezo.hu\/blog\/wp-content\/uploads\/2009\/06\/melinda-emilio-eskuvo-12.jpg\" src=\"https:\/\/www.kepfenyezo.hu\/blog\/wp-content\/uploads\/2009\/06\/melinda-emilio-eskuvo-12-497x330.jpg\" width=\"497\" height=\"330\" align=\"left\" title=\"melinda-emilio-eskuvo-12\" \/><\/a><\/div><\/div><div class=\"gallery-group images-2\" style=\"width: 250px; height: 334px;\"><div class=\"tiled-gallery-item tiled-gallery-item-small\"><a href=\"https:\/\/www.kepfenyezo.hu\/blog\/wp-content\/uploads\/2009\/06\/melinda-emilio-eskuvo-13.jpg\"><img data-attachment-id=\"1506\" data-orig-file=\"https:\/\/www.kepfenyezo.hu\/blog\/wp-content\/uploads\/2009\/06\/melinda-emilio-eskuvo-13.jpg\" data-orig-size=\"640,425\" data-comments-opened=\"1\" data-image-meta=\"{&quot;aperture&quot;:&quot;0&quot;,&quot;credit&quot;:&quot;&quot;,&quot;camera&quot;:&quot;&quot;,&quot;caption&quot;:&quot;&quot;,&quot;created_timestamp&quot;:&quot;0&quot;,&quot;copyright&quot;:&quot;&quot;,&quot;focal_length&quot;:&quot;0&quot;,&quot;iso&quot;:&quot;0&quot;,&quot;shutter_speed&quot;:&quot;0&quot;,&quot;title&quot;:&quot;&quot;}\" data-image-title=\"melinda-emilio-eskuvo-13\" data-image-description=\"\" data-medium-file=\"https:\/\/www.kepfenyezo.hu\/blog\/wp-content\/uploads\/2009\/06\/melinda-emilio-eskuvo-13-400x265.jpg\" data-large-file=\"https:\/\/www.kepfenyezo.hu\/blog\/wp-content\/uploads\/2009\/06\/melinda-emilio-eskuvo-13.jpg\" src=\"https:\/\/www.kepfenyezo.hu\/blog\/wp-content\/uploads\/2009\/06\/melinda-emilio-eskuvo-13-246x163.jpg\" width=\"246\" height=\"163\" align=\"left\" title=\"melinda-emilio-eskuvo-13\" \/><\/a><\/div><div class=\"tiled-gallery-item tiled-gallery-item-small\"><a href=\"https:\/\/www.kepfenyezo.hu\/blog\/wp-content\/uploads\/2009\/06\/melinda-emilio-eskuvo-14.jpg\"><img data-attachment-id=\"1507\" data-orig-file=\"https:\/\/www.kepfenyezo.hu\/blog\/wp-content\/uploads\/2009\/06\/melinda-emilio-eskuvo-14.jpg\" data-orig-size=\"640,425\" data-comments-opened=\"1\" data-image-meta=\"{&quot;aperture&quot;:&quot;0&quot;,&quot;credit&quot;:&quot;&quot;,&quot;camera&quot;:&quot;&quot;,&quot;caption&quot;:&quot;&quot;,&quot;created_timestamp&quot;:&quot;0&quot;,&quot;copyright&quot;:&quot;&quot;,&quot;focal_length&quot;:&quot;0&quot;,&quot;iso&quot;:&quot;0&quot;,&quot;shutter_speed&quot;:&quot;0&quot;,&quot;title&quot;:&quot;&quot;}\" data-image-title=\"melinda-emilio-eskuvo-14\" data-image-description=\"\" data-medium-file=\"https:\/\/www.kepfenyezo.hu\/blog\/wp-content\/uploads\/2009\/06\/melinda-emilio-eskuvo-14-400x265.jpg\" data-large-file=\"https:\/\/www.kepfenyezo.hu\/blog\/wp-content\/uploads\/2009\/06\/melinda-emilio-eskuvo-14.jpg\" src=\"https:\/\/www.kepfenyezo.hu\/blog\/wp-content\/uploads\/2009\/06\/melinda-emilio-eskuvo-14-246x163.jpg\" width=\"246\" height=\"163\" align=\"left\" title=\"melinda-emilio-eskuvo-14\" \/><\/a><\/div><\/div><\/div><div class=\"gallery-row\" style=\"width: 751px; height: 641px;\"><div class=\"gallery-group images-1\" style=\"width: 430px; height: 645px;\"><div class=\"tiled-gallery-item tiled-gallery-item-large\"><a href=\"https:\/\/www.kepfenyezo.hu\/blog\/wp-content\/uploads\/2009\/06\/melinda-emilio-eskuvo-15.jpg\"><img data-attachment-id=\"1508\" data-orig-file=\"https:\/\/www.kepfenyezo.hu\/blog\/wp-content\/uploads\/2009\/06\/melinda-emilio-eskuvo-15.jpg\" data-orig-size=\"319,480\" data-comments-opened=\"1\" data-image-meta=\"{&quot;aperture&quot;:&quot;0&quot;,&quot;credit&quot;:&quot;&quot;,&quot;camera&quot;:&quot;&quot;,&quot;caption&quot;:&quot;&quot;,&quot;created_timestamp&quot;:&quot;0&quot;,&quot;copyright&quot;:&quot;&quot;,&quot;focal_length&quot;:&quot;0&quot;,&quot;iso&quot;:&quot;0&quot;,&quot;shutter_speed&quot;:&quot;0&quot;,&quot;title&quot;:&quot;&quot;}\" data-image-title=\"melinda-emilio-eskuvo-15\" data-image-description=\"\" data-medium-file=\"https:\/\/www.kepfenyezo.hu\/blog\/wp-content\/uploads\/2009\/06\/melinda-emilio-eskuvo-15-199x300.jpg\" data-large-file=\"https:\/\/www.kepfenyezo.hu\/blog\/wp-content\/uploads\/2009\/06\/melinda-emilio-eskuvo-15.jpg\" src=\"https:\/\/www.kepfenyezo.hu\/blog\/wp-content\/uploads\/2009\/06\/melinda-emilio-eskuvo-15.jpg\" width=\"426\" height=\"641\" align=\"left\" title=\"melinda-emilio-eskuvo-15\" \/><\/a><\/div><\/div><div class=\"gallery-group images-3\" style=\"width: 321px; height: 645px;\"><div class=\"tiled-gallery-item tiled-gallery-item-large\"><a href=\"https:\/\/www.kepfenyezo.hu\/blog\/wp-content\/uploads\/2009\/06\/melinda-emilio-eskuvo-16.jpg\"><img data-attachment-id=\"1509\" data-orig-file=\"https:\/\/www.kepfenyezo.hu\/blog\/wp-content\/uploads\/2009\/06\/melinda-emilio-eskuvo-16.jpg\" data-orig-size=\"640,426\" data-comments-opened=\"1\" data-image-meta=\"{&quot;aperture&quot;:&quot;0&quot;,&quot;credit&quot;:&quot;&quot;,&quot;camera&quot;:&quot;&quot;,&quot;caption&quot;:&quot;&quot;,&quot;created_timestamp&quot;:&quot;0&quot;,&quot;copyright&quot;:&quot;&quot;,&quot;focal_length&quot;:&quot;0&quot;,&quot;iso&quot;:&quot;0&quot;,&quot;shutter_speed&quot;:&quot;0&quot;,&quot;title&quot;:&quot;&quot;}\" data-image-title=\"melinda-emilio-eskuvo-16\" data-image-description=\"\" data-medium-file=\"https:\/\/www.kepfenyezo.hu\/blog\/wp-content\/uploads\/2009\/06\/melinda-emilio-eskuvo-16-400x266.jpg\" data-large-file=\"https:\/\/www.kepfenyezo.hu\/blog\/wp-content\/uploads\/2009\/06\/melinda-emilio-eskuvo-16.jpg\" src=\"https:\/\/www.kepfenyezo.hu\/blog\/wp-content\/uploads\/2009\/06\/melinda-emilio-eskuvo-16-317x211.jpg\" width=\"317\" height=\"211\" align=\"left\" title=\"melinda-emilio-eskuvo-16\" \/><\/a><\/div><div class=\"tiled-gallery-item tiled-gallery-item-large\"><a href=\"https:\/\/www.kepfenyezo.hu\/blog\/wp-content\/uploads\/2009\/06\/melinda-emilio-eskuvo-17.jpg\"><img data-attachment-id=\"1510\" data-orig-file=\"https:\/\/www.kepfenyezo.hu\/blog\/wp-content\/uploads\/2009\/06\/melinda-emilio-eskuvo-17.jpg\" data-orig-size=\"640,425\" data-comments-opened=\"1\" data-image-meta=\"{&quot;aperture&quot;:&quot;0&quot;,&quot;credit&quot;:&quot;&quot;,&quot;camera&quot;:&quot;&quot;,&quot;caption&quot;:&quot;&quot;,&quot;created_timestamp&quot;:&quot;0&quot;,&quot;copyright&quot;:&quot;&quot;,&quot;focal_length&quot;:&quot;0&quot;,&quot;iso&quot;:&quot;0&quot;,&quot;shutter_speed&quot;:&quot;0&quot;,&quot;title&quot;:&quot;&quot;}\" data-image-title=\"melinda-emilio-eskuvo-17\" data-image-description=\"\" data-medium-file=\"https:\/\/www.kepfenyezo.hu\/blog\/wp-content\/uploads\/2009\/06\/melinda-emilio-eskuvo-17-400x265.jpg\" data-large-file=\"https:\/\/www.kepfenyezo.hu\/blog\/wp-content\/uploads\/2009\/06\/melinda-emilio-eskuvo-17.jpg\" src=\"https:\/\/www.kepfenyezo.hu\/blog\/wp-content\/uploads\/2009\/06\/melinda-emilio-eskuvo-17-317x211.jpg\" width=\"317\" height=\"211\" align=\"left\" title=\"melinda-emilio-eskuvo-17\" \/><\/a><\/div><div class=\"tiled-gallery-item tiled-gallery-item-large\"><a href=\"https:\/\/www.kepfenyezo.hu\/blog\/wp-content\/uploads\/2009\/06\/melinda-emilio-eskuvo-18.jpg\"><img data-attachment-id=\"1511\" data-orig-file=\"https:\/\/www.kepfenyezo.hu\/blog\/wp-content\/uploads\/2009\/06\/melinda-emilio-eskuvo-18.jpg\" data-orig-size=\"640,425\" data-comments-opened=\"1\" data-image-meta=\"{&quot;aperture&quot;:&quot;0&quot;,&quot;credit&quot;:&quot;&quot;,&quot;camera&quot;:&quot;&quot;,&quot;caption&quot;:&quot;&quot;,&quot;created_timestamp&quot;:&quot;0&quot;,&quot;copyright&quot;:&quot;&quot;,&quot;focal_length&quot;:&quot;0&quot;,&quot;iso&quot;:&quot;0&quot;,&quot;shutter_speed&quot;:&quot;0&quot;,&quot;title&quot;:&quot;&quot;}\" data-image-title=\"melinda-emilio-eskuvo-18\" data-image-description=\"\" data-medium-file=\"https:\/\/www.kepfenyezo.hu\/blog\/wp-content\/uploads\/2009\/06\/melinda-emilio-eskuvo-18-400x265.jpg\" data-large-file=\"https:\/\/www.kepfenyezo.hu\/blog\/wp-content\/uploads\/2009\/06\/melinda-emilio-eskuvo-18.jpg\" src=\"https:\/\/www.kepfenyezo.hu\/blog\/wp-content\/uploads\/2009\/06\/melinda-emilio-eskuvo-18-317x211.jpg\" width=\"317\" height=\"211\" align=\"left\" title=\"melinda-emilio-eskuvo-18\" \/><\/a><\/div><\/div><\/div><div class=\"gallery-row\" style=\"width: 751px; height: 261px;\"><div class=\"gallery-group images-1\" style=\"width: 177px; height: 265px;\"><div class=\"tiled-gallery-item tiled-gallery-item-small\"><a href=\"https:\/\/www.kepfenyezo.hu\/blog\/wp-content\/uploads\/2009\/06\/melinda-emilio-eskuvo-19.jpg\"><img data-attachment-id=\"1512\" data-orig-file=\"https:\/\/www.kepfenyezo.hu\/blog\/wp-content\/uploads\/2009\/06\/melinda-emilio-eskuvo-19.jpg\" data-orig-size=\"319,480\" data-comments-opened=\"1\" data-image-meta=\"{&quot;aperture&quot;:&quot;0&quot;,&quot;credit&quot;:&quot;&quot;,&quot;camera&quot;:&quot;&quot;,&quot;caption&quot;:&quot;&quot;,&quot;created_timestamp&quot;:&quot;0&quot;,&quot;copyright&quot;:&quot;&quot;,&quot;focal_length&quot;:&quot;0&quot;,&quot;iso&quot;:&quot;0&quot;,&quot;shutter_speed&quot;:&quot;0&quot;,&quot;title&quot;:&quot;&quot;}\" data-image-title=\"melinda-emilio-eskuvo-19\" data-image-description=\"\" data-medium-file=\"https:\/\/www.kepfenyezo.hu\/blog\/wp-content\/uploads\/2009\/06\/melinda-emilio-eskuvo-19-199x300.jpg\" data-large-file=\"https:\/\/www.kepfenyezo.hu\/blog\/wp-content\/uploads\/2009\/06\/melinda-emilio-eskuvo-19.jpg\" src=\"https:\/\/www.kepfenyezo.hu\/blog\/wp-content\/uploads\/2009\/06\/melinda-emilio-eskuvo-19-173x261.jpg\" width=\"173\" height=\"261\" align=\"left\" title=\"melinda-emilio-eskuvo-19\" \/><\/a><\/div><\/div><div class=\"gallery-group images-1\" style=\"width: 397px; height: 265px;\"><div class=\"tiled-gallery-item tiled-gallery-item-large\"><a href=\"https:\/\/www.kepfenyezo.hu\/blog\/wp-content\/uploads\/2009\/06\/melinda-emilio-eskuvo-20.jpg\"><img data-attachment-id=\"1513\" data-orig-file=\"https:\/\/www.kepfenyezo.hu\/blog\/wp-content\/uploads\/2009\/06\/melinda-emilio-eskuvo-20.jpg\" data-orig-size=\"640,425\" data-comments-opened=\"1\" data-image-meta=\"{&quot;aperture&quot;:&quot;0&quot;,&quot;credit&quot;:&quot;&quot;,&quot;camera&quot;:&quot;&quot;,&quot;caption&quot;:&quot;&quot;,&quot;created_timestamp&quot;:&quot;0&quot;,&quot;copyright&quot;:&quot;&quot;,&quot;focal_length&quot;:&quot;0&quot;,&quot;iso&quot;:&quot;0&quot;,&quot;shutter_speed&quot;:&quot;0&quot;,&quot;title&quot;:&quot;&quot;}\" data-image-title=\"melinda-emilio-eskuvo-20\" data-image-description=\"\" data-medium-file=\"https:\/\/www.kepfenyezo.hu\/blog\/wp-content\/uploads\/2009\/06\/melinda-emilio-eskuvo-20-400x265.jpg\" data-large-file=\"https:\/\/www.kepfenyezo.hu\/blog\/wp-content\/uploads\/2009\/06\/melinda-emilio-eskuvo-20.jpg\" src=\"https:\/\/www.kepfenyezo.hu\/blog\/wp-content\/uploads\/2009\/06\/melinda-emilio-eskuvo-20-393x261.jpg\" width=\"393\" height=\"261\" align=\"left\" title=\"melinda-emilio-eskuvo-20\" \/><\/a><\/div><\/div><div class=\"gallery-group images-1\" style=\"width: 177px; height: 265px;\"><div class=\"tiled-gallery-item tiled-gallery-item-small\"><a href=\"https:\/\/www.kepfenyezo.hu\/blog\/wp-content\/uploads\/2009\/06\/melinda-emilio-eskuvo-21.jpg\"><img data-attachment-id=\"1514\" data-orig-file=\"https:\/\/www.kepfenyezo.hu\/blog\/wp-content\/uploads\/2009\/06\/melinda-emilio-eskuvo-21.jpg\" data-orig-size=\"319,480\" data-comments-opened=\"1\" data-image-meta=\"{&quot;aperture&quot;:&quot;0&quot;,&quot;credit&quot;:&quot;&quot;,&quot;camera&quot;:&quot;&quot;,&quot;caption&quot;:&quot;&quot;,&quot;created_timestamp&quot;:&quot;0&quot;,&quot;copyright&quot;:&quot;&quot;,&quot;focal_length&quot;:&quot;0&quot;,&quot;iso&quot;:&quot;0&quot;,&quot;shutter_speed&quot;:&quot;0&quot;,&quot;title&quot;:&quot;&quot;}\" data-image-title=\"melinda-emilio-eskuvo-21\" data-image-description=\"\" data-medium-file=\"https:\/\/www.kepfenyezo.hu\/blog\/wp-content\/uploads\/2009\/06\/melinda-emilio-eskuvo-21-199x300.jpg\" data-large-file=\"https:\/\/www.kepfenyezo.hu\/blog\/wp-content\/uploads\/2009\/06\/melinda-emilio-eskuvo-21.jpg\" src=\"https:\/\/www.kepfenyezo.hu\/blog\/wp-content\/uploads\/2009\/06\/melinda-emilio-eskuvo-21-173x261.jpg\" width=\"173\" height=\"261\" align=\"left\" title=\"melinda-emilio-eskuvo-21\" \/><\/a><\/div><\/div><\/div><div class=\"gallery-row\" style=\"width: 751px; height: 526px;\"><div class=\"gallery-group images-2\" style=\"width: 397px; height: 530px;\"><div class=\"tiled-gallery-item tiled-gallery-item-large\"><a href=\"https:\/\/www.kepfenyezo.hu\/blog\/wp-content\/uploads\/2009\/06\/melinda-emilio-eskuvo-22.jpg\"><img data-attachment-id=\"1515\" data-orig-file=\"https:\/\/www.kepfenyezo.hu\/blog\/wp-content\/uploads\/2009\/06\/melinda-emilio-eskuvo-22.jpg\" data-orig-size=\"640,425\" data-comments-opened=\"1\" data-image-meta=\"{&quot;aperture&quot;:&quot;0&quot;,&quot;credit&quot;:&quot;&quot;,&quot;camera&quot;:&quot;&quot;,&quot;caption&quot;:&quot;&quot;,&quot;created_timestamp&quot;:&quot;0&quot;,&quot;copyright&quot;:&quot;&quot;,&quot;focal_length&quot;:&quot;0&quot;,&quot;iso&quot;:&quot;0&quot;,&quot;shutter_speed&quot;:&quot;0&quot;,&quot;title&quot;:&quot;&quot;}\" data-image-title=\"melinda-emilio-eskuvo-22\" data-image-description=\"\" data-medium-file=\"https:\/\/www.kepfenyezo.hu\/blog\/wp-content\/uploads\/2009\/06\/melinda-emilio-eskuvo-22-400x265.jpg\" data-large-file=\"https:\/\/www.kepfenyezo.hu\/blog\/wp-content\/uploads\/2009\/06\/melinda-emilio-eskuvo-22.jpg\" src=\"https:\/\/www.kepfenyezo.hu\/blog\/wp-content\/uploads\/2009\/06\/melinda-emilio-eskuvo-22-393x261.jpg\" width=\"393\" height=\"261\" align=\"left\" title=\"melinda-emilio-eskuvo-22\" \/><\/a><\/div><div class=\"tiled-gallery-item tiled-gallery-item-large\"><a href=\"https:\/\/www.kepfenyezo.hu\/blog\/wp-content\/uploads\/2009\/06\/melinda-emilio-eskuvo-23.jpg\"><img data-attachment-id=\"1516\" data-orig-file=\"https:\/\/www.kepfenyezo.hu\/blog\/wp-content\/uploads\/2009\/06\/melinda-emilio-eskuvo-23.jpg\" data-orig-size=\"640,425\" data-comments-opened=\"1\" data-image-meta=\"{&quot;aperture&quot;:&quot;0&quot;,&quot;credit&quot;:&quot;&quot;,&quot;camera&quot;:&quot;&quot;,&quot;caption&quot;:&quot;&quot;,&quot;created_timestamp&quot;:&quot;0&quot;,&quot;copyright&quot;:&quot;&quot;,&quot;focal_length&quot;:&quot;0&quot;,&quot;iso&quot;:&quot;0&quot;,&quot;shutter_speed&quot;:&quot;0&quot;,&quot;title&quot;:&quot;&quot;}\" data-image-title=\"melinda-emilio-eskuvo-23\" data-image-description=\"\" data-medium-file=\"https:\/\/www.kepfenyezo.hu\/blog\/wp-content\/uploads\/2009\/06\/melinda-emilio-eskuvo-23-400x265.jpg\" data-large-file=\"https:\/\/www.kepfenyezo.hu\/blog\/wp-content\/uploads\/2009\/06\/melinda-emilio-eskuvo-23.jpg\" src=\"https:\/\/www.kepfenyezo.hu\/blog\/wp-content\/uploads\/2009\/06\/melinda-emilio-eskuvo-23-393x261.jpg\" width=\"393\" height=\"261\" align=\"left\" title=\"melinda-emilio-eskuvo-23\" \/><\/a><\/div><\/div><div class=\"gallery-group images-1\" style=\"width: 354px; height: 530px;\"><div class=\"tiled-gallery-item tiled-gallery-item-large\"><a href=\"https:\/\/www.kepfenyezo.hu\/blog\/wp-content\/uploads\/2009\/06\/melinda-emilio-eskuvo-24.jpg\"><img data-attachment-id=\"1517\" data-orig-file=\"https:\/\/www.kepfenyezo.hu\/blog\/wp-content\/uploads\/2009\/06\/melinda-emilio-eskuvo-24.jpg\" data-orig-size=\"319,480\" data-comments-opened=\"1\" data-image-meta=\"{&quot;aperture&quot;:&quot;0&quot;,&quot;credit&quot;:&quot;&quot;,&quot;camera&quot;:&quot;&quot;,&quot;caption&quot;:&quot;&quot;,&quot;created_timestamp&quot;:&quot;0&quot;,&quot;copyright&quot;:&quot;&quot;,&quot;focal_length&quot;:&quot;0&quot;,&quot;iso&quot;:&quot;0&quot;,&quot;shutter_speed&quot;:&quot;0&quot;,&quot;title&quot;:&quot;&quot;}\" data-image-title=\"melinda-emilio-eskuvo-24\" data-image-description=\"\" data-medium-file=\"https:\/\/www.kepfenyezo.hu\/blog\/wp-content\/uploads\/2009\/06\/melinda-emilio-eskuvo-24-199x300.jpg\" data-large-file=\"https:\/\/www.kepfenyezo.hu\/blog\/wp-content\/uploads\/2009\/06\/melinda-emilio-eskuvo-24.jpg\" src=\"https:\/\/www.kepfenyezo.hu\/blog\/wp-content\/uploads\/2009\/06\/melinda-emilio-eskuvo-24.jpg\" width=\"350\" height=\"526\" align=\"left\" title=\"melinda-emilio-eskuvo-24\" \/><\/a><\/div><\/div><\/div><div class=\"gallery-row\" style=\"width: 751px; height: 330px;\"><div class=\"gallery-group images-1\" style=\"width: 502px; height: 334px;\"><div class=\"tiled-gallery-item tiled-gallery-item-large\"><a href=\"https:\/\/www.kepfenyezo.hu\/blog\/wp-content\/uploads\/2009\/06\/melinda-emilio-eskuvo-25.jpg\"><img data-attachment-id=\"1518\" data-orig-file=\"https:\/\/www.kepfenyezo.hu\/blog\/wp-content\/uploads\/2009\/06\/melinda-emilio-eskuvo-25.jpg\" data-orig-size=\"640,425\" data-comments-opened=\"1\" data-image-meta=\"{&quot;aperture&quot;:&quot;0&quot;,&quot;credit&quot;:&quot;&quot;,&quot;camera&quot;:&quot;&quot;,&quot;caption&quot;:&quot;&quot;,&quot;created_timestamp&quot;:&quot;0&quot;,&quot;copyright&quot;:&quot;&quot;,&quot;focal_length&quot;:&quot;0&quot;,&quot;iso&quot;:&quot;0&quot;,&quot;shutter_speed&quot;:&quot;0&quot;,&quot;title&quot;:&quot;&quot;}\" data-image-title=\"melinda-emilio-eskuvo-25\" data-image-description=\"\" data-medium-file=\"https:\/\/www.kepfenyezo.hu\/blog\/wp-content\/uploads\/2009\/06\/melinda-emilio-eskuvo-25-400x265.jpg\" data-large-file=\"https:\/\/www.kepfenyezo.hu\/blog\/wp-content\/uploads\/2009\/06\/melinda-emilio-eskuvo-25.jpg\" src=\"https:\/\/www.kepfenyezo.hu\/blog\/wp-content\/uploads\/2009\/06\/melinda-emilio-eskuvo-25-498x330.jpg\" width=\"498\" height=\"330\" align=\"left\" title=\"melinda-emilio-eskuvo-25\" \/><\/a><\/div><\/div><div class=\"gallery-group images-2\" style=\"width: 249px; height: 334px;\"><div class=\"tiled-gallery-item tiled-gallery-item-small\"><a href=\"https:\/\/www.kepfenyezo.hu\/blog\/wp-content\/uploads\/2009\/06\/melinda-emilio-eskuvo-26.jpg\"><img data-attachment-id=\"1519\" data-orig-file=\"https:\/\/www.kepfenyezo.hu\/blog\/wp-content\/uploads\/2009\/06\/melinda-emilio-eskuvo-26.jpg\" data-orig-size=\"640,426\" data-comments-opened=\"1\" data-image-meta=\"{&quot;aperture&quot;:&quot;0&quot;,&quot;credit&quot;:&quot;&quot;,&quot;camera&quot;:&quot;&quot;,&quot;caption&quot;:&quot;&quot;,&quot;created_timestamp&quot;:&quot;0&quot;,&quot;copyright&quot;:&quot;&quot;,&quot;focal_length&quot;:&quot;0&quot;,&quot;iso&quot;:&quot;0&quot;,&quot;shutter_speed&quot;:&quot;0&quot;,&quot;title&quot;:&quot;&quot;}\" data-image-title=\"melinda-emilio-eskuvo-26\" data-image-description=\"\" data-medium-file=\"https:\/\/www.kepfenyezo.hu\/blog\/wp-content\/uploads\/2009\/06\/melinda-emilio-eskuvo-26-400x266.jpg\" data-large-file=\"https:\/\/www.kepfenyezo.hu\/blog\/wp-content\/uploads\/2009\/06\/melinda-emilio-eskuvo-26.jpg\" src=\"https:\/\/www.kepfenyezo.hu\/blog\/wp-content\/uploads\/2009\/06\/melinda-emilio-eskuvo-26-245x163.jpg\" width=\"245\" height=\"163\" align=\"left\" title=\"melinda-emilio-eskuvo-26\" \/><\/a><\/div><div class=\"tiled-gallery-item tiled-gallery-item-small\"><a href=\"https:\/\/www.kepfenyezo.hu\/blog\/wp-content\/uploads\/2009\/06\/melinda-emilio-eskuvo-27.jpg\"><img data-attachment-id=\"1520\" data-orig-file=\"https:\/\/www.kepfenyezo.hu\/blog\/wp-content\/uploads\/2009\/06\/melinda-emilio-eskuvo-27.jpg\" data-orig-size=\"640,425\" data-comments-opened=\"1\" data-image-meta=\"{&quot;aperture&quot;:&quot;0&quot;,&quot;credit&quot;:&quot;&quot;,&quot;camera&quot;:&quot;&quot;,&quot;caption&quot;:&quot;&quot;,&quot;created_timestamp&quot;:&quot;0&quot;,&quot;copyright&quot;:&quot;&quot;,&quot;focal_length&quot;:&quot;0&quot;,&quot;iso&quot;:&quot;0&quot;,&quot;shutter_speed&quot;:&quot;0&quot;,&quot;title&quot;:&quot;&quot;}\" data-image-title=\"melinda-emilio-eskuvo-27\" data-image-description=\"\" data-medium-file=\"https:\/\/www.kepfenyezo.hu\/blog\/wp-content\/uploads\/2009\/06\/melinda-emilio-eskuvo-27-400x265.jpg\" data-large-file=\"https:\/\/www.kepfenyezo.hu\/blog\/wp-content\/uploads\/2009\/06\/melinda-emilio-eskuvo-27.jpg\" src=\"https:\/\/www.kepfenyezo.hu\/blog\/wp-content\/uploads\/2009\/06\/melinda-emilio-eskuvo-27-245x163.jpg\" width=\"245\" height=\"163\" align=\"left\" title=\"melinda-emilio-eskuvo-27\" \/><\/a><\/div><\/div><\/div><div class=\"gallery-row\" style=\"width: 751px; height: 342px;\"><div class=\"gallery-group images-1\" style=\"width: 232px; height: 346px;\"><div class=\"tiled-gallery-item tiled-gallery-item-small\"><a href=\"https:\/\/www.kepfenyezo.hu\/blog\/wp-content\/uploads\/2009\/06\/melinda-emilio-eskuvo-28.jpg\"><img data-attachment-id=\"1521\" data-orig-file=\"https:\/\/www.kepfenyezo.hu\/blog\/wp-content\/uploads\/2009\/06\/melinda-emilio-eskuvo-28.jpg\" data-orig-size=\"319,480\" data-comments-opened=\"1\" data-image-meta=\"{&quot;aperture&quot;:&quot;0&quot;,&quot;credit&quot;:&quot;&quot;,&quot;camera&quot;:&quot;&quot;,&quot;caption&quot;:&quot;&quot;,&quot;created_timestamp&quot;:&quot;0&quot;,&quot;copyright&quot;:&quot;&quot;,&quot;focal_length&quot;:&quot;0&quot;,&quot;iso&quot;:&quot;0&quot;,&quot;shutter_speed&quot;:&quot;0&quot;,&quot;title&quot;:&quot;&quot;}\" data-image-title=\"melinda-emilio-eskuvo-28\" data-image-description=\"\" data-medium-file=\"https:\/\/www.kepfenyezo.hu\/blog\/wp-content\/uploads\/2009\/06\/melinda-emilio-eskuvo-28-199x300.jpg\" data-large-file=\"https:\/\/www.kepfenyezo.hu\/blog\/wp-content\/uploads\/2009\/06\/melinda-emilio-eskuvo-28.jpg\" src=\"https:\/\/www.kepfenyezo.hu\/blog\/wp-content\/uploads\/2009\/06\/melinda-emilio-eskuvo-28-228x342.jpg\" width=\"228\" height=\"342\" align=\"left\" title=\"melinda-emilio-eskuvo-28\" \/><\/a><\/div><\/div><div class=\"gallery-group images-1\" style=\"width: 519px; height: 346px;\"><div class=\"tiled-gallery-item tiled-gallery-item-large\"><a href=\"https:\/\/www.kepfenyezo.hu\/blog\/wp-content\/uploads\/2009\/06\/melinda-emilio-eskuvo-29.jpg\"><img data-attachment-id=\"1522\" data-orig-file=\"https:\/\/www.kepfenyezo.hu\/blog\/wp-content\/uploads\/2009\/06\/melinda-emilio-eskuvo-29.jpg\" data-orig-size=\"640,425\" data-comments-opened=\"1\" data-image-meta=\"{&quot;aperture&quot;:&quot;0&quot;,&quot;credit&quot;:&quot;&quot;,&quot;camera&quot;:&quot;&quot;,&quot;caption&quot;:&quot;&quot;,&quot;created_timestamp&quot;:&quot;0&quot;,&quot;copyright&quot;:&quot;&quot;,&quot;focal_length&quot;:&quot;0&quot;,&quot;iso&quot;:&quot;0&quot;,&quot;shutter_speed&quot;:&quot;0&quot;,&quot;title&quot;:&quot;&quot;}\" data-image-title=\"melinda-emilio-eskuvo-29\" data-image-description=\"\" data-medium-file=\"https:\/\/www.kepfenyezo.hu\/blog\/wp-content\/uploads\/2009\/06\/melinda-emilio-eskuvo-29-400x265.jpg\" data-large-file=\"https:\/\/www.kepfenyezo.hu\/blog\/wp-content\/uploads\/2009\/06\/melinda-emilio-eskuvo-29.jpg\" src=\"https:\/\/www.kepfenyezo.hu\/blog\/wp-content\/uploads\/2009\/06\/melinda-emilio-eskuvo-29-515x342.jpg\" width=\"515\" height=\"342\" align=\"left\" title=\"melinda-emilio-eskuvo-29\" \/><\/a><\/div><\/div><\/div><div class=\"gallery-row\" style=\"width: 751px; height: 341px;\"><div class=\"gallery-group images-1\" style=\"width: 232px; height: 345px;\"><div class=\"tiled-gallery-item tiled-gallery-item-small\"><a href=\"https:\/\/www.kepfenyezo.hu\/blog\/wp-content\/uploads\/2009\/06\/melinda-emilio-eskuvo-30.jpg\"><img data-attachment-id=\"1523\" data-orig-file=\"https:\/\/www.kepfenyezo.hu\/blog\/wp-content\/uploads\/2009\/06\/melinda-emilio-eskuvo-30.jpg\" data-orig-size=\"320,480\" data-comments-opened=\"1\" data-image-meta=\"{&quot;aperture&quot;:&quot;0&quot;,&quot;credit&quot;:&quot;&quot;,&quot;camera&quot;:&quot;&quot;,&quot;caption&quot;:&quot;&quot;,&quot;created_timestamp&quot;:&quot;0&quot;,&quot;copyright&quot;:&quot;&quot;,&quot;focal_length&quot;:&quot;0&quot;,&quot;iso&quot;:&quot;0&quot;,&quot;shutter_speed&quot;:&quot;0&quot;,&quot;title&quot;:&quot;&quot;}\" data-image-title=\"melinda-emilio-eskuvo-30\" data-image-description=\"\" data-medium-file=\"https:\/\/www.kepfenyezo.hu\/blog\/wp-content\/uploads\/2009\/06\/melinda-emilio-eskuvo-30-200x300.jpg\" data-large-file=\"https:\/\/www.kepfenyezo.hu\/blog\/wp-content\/uploads\/2009\/06\/melinda-emilio-eskuvo-30.jpg\" src=\"https:\/\/www.kepfenyezo.hu\/blog\/wp-content\/uploads\/2009\/06\/melinda-emilio-eskuvo-30-228x341.jpg\" width=\"228\" height=\"341\" align=\"left\" title=\"melinda-emilio-eskuvo-30\" \/><\/a><\/div><\/div><div class=\"gallery-group images-1\" style=\"width: 519px; height: 345px;\"><div class=\"tiled-gallery-item tiled-gallery-item-large\"><a href=\"https:\/\/www.kepfenyezo.hu\/blog\/wp-content\/uploads\/2009\/07\/melinda-emilio-eskuvo-08-400x2651.jpg\"><img data-attachment-id=\"7909\" data-orig-file=\"https:\/\/www.kepfenyezo.hu\/blog\/wp-content\/uploads\/2009\/07\/melinda-emilio-eskuvo-08-400x2651.jpg\" data-orig-size=\"400,265\" data-comments-opened=\"0\" data-image-meta=\"{&quot;aperture&quot;:&quot;0&quot;,&quot;credit&quot;:&quot;&quot;,&quot;camera&quot;:&quot;&quot;,&quot;caption&quot;:&quot;&quot;,&quot;created_timestamp&quot;:&quot;0&quot;,&quot;copyright&quot;:&quot;&quot;,&quot;focal_length&quot;:&quot;0&quot;,&quot;iso&quot;:&quot;0&quot;,&quot;shutter_speed&quot;:&quot;0&quot;,&quot;title&quot;:&quot;&quot;}\" data-image-title=\"Zemanta Related Posts Thumbnail\" data-image-description=\"\" data-medium-file=\"https:\/\/www.kepfenyezo.hu\/blog\/wp-content\/uploads\/2009\/07\/melinda-emilio-eskuvo-08-400x2651.jpg\" data-large-file=\"https:\/\/www.kepfenyezo.hu\/blog\/wp-content\/uploads\/2009\/07\/melinda-emilio-eskuvo-08-400x2651.jpg\" src=\"https:\/\/www.kepfenyezo.hu\/blog\/wp-content\/uploads\/2009\/07\/melinda-emilio-eskuvo-08-400x2651.jpg\" width=\"515\" height=\"341\" align=\"left\" title=\"Zemanta Related Posts Thumbnail\" \/><\/a><\/div><\/div><\/div><\/div>\n","protected":false},"excerpt":{"rendered":"<p>Esk\u00fcv\u0151n j\u00e1rtam ism\u00e9t \u2013 de most a n\u00e1szn\u00e9p fele spanyol volt. A hangulatot legjobban tal\u00e1n az \u00edrn\u00e1 le, ahogy a g\u00e9p el\u0151tt \u00fcltem, a sok napot\/est\u00e9t kit\u00f6lt\u0151 ut\u00f3munka alatt. Ahogy mondani szokt\u00e1k, helyenk\u00e9nt vigyorogtam, mint a vadalma\u2026 ahogy lapozgattam a k\u00e9peket, \u00fajra eszembe jutott minden. Otra vez he participado en una boda &#8211; pero esta [&hellip;]<\/p>\n","protected":false},"author":13,"featured_media":0,"comment_status":"open","ping_status":"closed","sticky":false,"template":"","format":"standard","meta":{"_links_to":"","_links_to_target":""},"categories":[4],"tags":[85,124,465,135,123],"_links":{"self":[{"href":"https:\/\/www.kepfenyezo.hu\/blog\/wp-json\/wp\/v2\/posts\/1483"}],"collection":[{"href":"https:\/\/www.kepfenyezo.hu\/blog\/wp-json\/wp\/v2\/posts"}],"about":[{"href":"https:\/\/www.kepfenyezo.hu\/blog\/wp-json\/wp\/v2\/types\/post"}],"author":[{"embeddable":true,"href":"https:\/\/www.kepfenyezo.hu\/blog\/wp-json\/wp\/v2\/users\/13"}],"replies":[{"embeddable":true,"href":"https:\/\/www.kepfenyezo.hu\/blog\/wp-json\/wp\/v2\/comments?post=1483"}],"version-history":[{"count":33,"href":"https:\/\/www.kepfenyezo.hu\/blog\/wp-json\/wp\/v2\/posts\/1483\/revisions"}],"predecessor-version":[{"id":2370,"href":"https:\/\/www.kepfenyezo.hu\/blog\/wp-json\/wp\/v2\/posts\/1483\/revisions\/2370"}],"wp:attachment":[{"href":"https:\/\/www.kepfenyezo.hu\/blog\/wp-json\/wp\/v2\/media?parent=1483"}],"wp:term":[{"taxonomy":"category","embeddable":true,"href":"https:\/\/www.kepfenyezo.hu\/blog\/wp-json\/wp\/v2\/categories?post=1483"},{"taxonomy":"post_tag","embeddable":true,"href":"https:\/\/www.kepfenyezo.hu\/blog\/wp-json\/wp\/v2\/tags?post=1483"}],"curies":[{"name":"wp","href":"https:\/\/api.w.org\/{rel}","templated":true}]}}