{"id":1599,"date":"2009-09-02T10:39:21","date_gmt":"2009-09-02T09:39:21","guid":{"rendered":"http:\/\/www.blog.kepfenyezo.hu\/?p=1599"},"modified":"2010-03-25T12:09:31","modified_gmt":"2010-03-25T11:09:31","slug":"egy-balerina-portreja","status":"publish","type":"post","link":"https:\/\/www.kepfenyezo.hu\/blog\/tanc\/egy-balerina-portreja\/","title":{"rendered":"Egy balerina portr\u00e9ja (Portrait of a ballerina)"},"content":{"rendered":"<p style=\"text-align: center;\"><img loading=\"lazy\" class=\"size-medium wp-image-1605 aligncenter\" style=\"margin-top: 30px; margin-bottom: 30px;\" title=\"ballerina-portrait-06\" src=\"https:\/\/www.kepfenyezo.hu\/blog\/wp-content\/uploads\/2009\/09\/ballerina-portrait-06-199x300.jpg\" alt=\"ballerina-portrait-06\" width=\"199\" height=\"300\" srcset=\"https:\/\/www.kepfenyezo.hu\/blog\/wp-content\/uploads\/2009\/09\/ballerina-portrait-06-199x300.jpg 199w, https:\/\/www.kepfenyezo.hu\/blog\/wp-content\/uploads\/2009\/09\/ballerina-portrait-06.jpg 319w\" sizes=\"(max-width: 199px) 100vw, 199px\" \/><\/p>\n<p>B\u0151 egy \u00e9vvel ezel\u0151tt szerepelt m\u00e1r itt, a K\u00e9pf\u00e9nyez\u0151 blogon egy <a title=\"T\u00e1ncos portr\u00e9\" href=\"https:\/\/www.kepfenyezo.hu\/blog\/portre\/cristina\/\" target=\"_blank\">bejegyz\u00e9s<\/a>, valamint egy csokor f\u00e9nyk\u00e9p &#8211; egy balerina fot\u00f3i voltak, a M\u0171v\u00e9szetek Palot\u00e1j\u00e1b\u00f3l, illetve a Budai V\u00e1rb\u00f3l. Az\u00f3ta eltelt egy \u00e9v, de ez a kedves katal\u00e1n l\u00e1ny m\u00e9g mindig Budapesten volt, r\u00e1ad\u00e1sul a tavalyik k\u00e9peket mindketten szerett\u00fck &#8211; nekem pedig lett egy-k\u00e9t \u00faj \u00f6tletem, kicsit jobb felszerel\u00e9sem, \u00edgy azt\u00e1n elhat\u00e1roztuk, hogy m\u00e1s helysz\u00edneken ugyan, de megism\u00e9telj\u00fck. :)<\/p>\n<p><img class=\"alignright size-medium wp-image-1602\" style=\"margin: 3px 6px;\" title=\"ballerina-portrait-03\" src=\"https:\/\/www.kepfenyezo.hu\/blog\/wp-content\/uploads\/2009\/09\/ballerina-portrait-03-199x300.jpg\" alt=\"ballerina-portrait-03\" height=\"200\" srcset=\"https:\/\/www.kepfenyezo.hu\/blog\/wp-content\/uploads\/2009\/09\/ballerina-portrait-03-199x300.jpg 199w, https:\/\/www.kepfenyezo.hu\/blog\/wp-content\/uploads\/2009\/09\/ballerina-portrait-03.jpg 319w\" sizes=\"(max-width: 199px) 100vw, 199px\" \/>Egyre ink\u00e1bb r\u00e1szoktunk az elm\u00falt h\u00f3napokban, hogy &#8220;turista&#8221; szemmel j\u00e1rjunk-kelj\u00fcnk Budapesten. Var\u00e1zslatos helyeket, \u00e9p\u00fcleteket <a title=\"Budapest fot\u00f3k\" href=\"https:\/\/www.kepfenyezo.hu\/blog\/utazas\/budapest\/\" target=\"_blank\">tal\u00e1ltunk<\/a>, adta mag\u00e1t a gondolat, hogy egy-egy igen sz\u00e9p fot\u00f3t\u00e9m\u00e1t vigy\u00fcnk be a v\u00e1rosba &#8211; keress\u00fck meg azokat az \u00e9p\u00fcleteket, ami mellett sokszor csak els\u00e9t\u00e1lunk. Pedig \u00e9ppen ezekt\u0151l sz\u00e9p ez a v\u00e1ros. J\u00f3 gondolatnak t\u0171nt, hogy egy n\u00e1lunk vend\u00e9gesked\u0151 katal\u00e1n l\u00e1nynak mutassuk be kicsit a v\u00e1rost, ahol egy \u00e9vet elt\u00f6lt\u00f6tt. K\u00fcl\u00f6n\u00f6sen annak f\u00e9ny\u00e9ben, hogy a t\u00e1nc, balett sz\u00e9ps\u00e9ge, kecsess\u00e9ge, a mozg\u00e1s \u00e9s a test klasszikus m\u0171v\u00e9szete igen j\u00f3l kieg\u00e9sz\u00edti ezeket az \u00e9p\u00fcleteket.<\/p>\n<p><em>You may remember a blog post from the last year, with photos about a nice Catalonian ballerina at different points of Budapest. This year, with fresh ideas and a bit more powerful equipment, we&#8217;ve decided doing it once more&#8230; The concept was to find some hidden treasures of Budapest, missing from guidebooks but giving the unique atmosphere of the downtown area &#8211; and bring together the architecture with the beauty, gracefulness end elegance of dance and ballet.<\/em><\/p>\n<p style=\"text-align: center;\"><img loading=\"lazy\" class=\"size-medium wp-image-1610 aligncenter\" style=\"margin-top: 30px; margin-bottom: 30px;\" title=\"ballerina-portrait-11\" src=\"https:\/\/www.kepfenyezo.hu\/blog\/wp-content\/uploads\/2009\/09\/ballerina-portrait-11-400x265.jpg\" alt=\"ballerina-portrait-11\" width=\"400\" height=\"265\" srcset=\"https:\/\/www.kepfenyezo.hu\/blog\/wp-content\/uploads\/2009\/09\/ballerina-portrait-11-400x265.jpg 400w, https:\/\/www.kepfenyezo.hu\/blog\/wp-content\/uploads\/2009\/09\/ballerina-portrait-11.jpg 640w\" sizes=\"(max-width: 400px) 100vw, 400px\" \/><\/p>\n<p><img class=\"alignright size-medium wp-image-1616\" style=\"margin: 3px;\" title=\"ballerina-portrait-17\" src=\"https:\/\/www.kepfenyezo.hu\/blog\/wp-content\/uploads\/2009\/09\/ballerina-portrait-17-199x300.jpg\" alt=\"ballerina-portrait-17\" width=\"100\" srcset=\"https:\/\/www.kepfenyezo.hu\/blog\/wp-content\/uploads\/2009\/09\/ballerina-portrait-17-199x300.jpg 199w, https:\/\/www.kepfenyezo.hu\/blog\/wp-content\/uploads\/2009\/09\/ballerina-portrait-17.jpg 319w\" sizes=\"(max-width: 199px) 100vw, 199px\" \/>\u00cdgy azt\u00e1n megkerest\u00fcnk kett\u0151t a kedvenc b\u00e9rh\u00e1zaim k\u00f6z\u00fcl, k\u00f6rfolyos\u00f3val, kov\u00e1csoltvas korl\u00e1tokkal, patin\u00e1s l\u00e9pcs\u0151h\u00e1zakkal. K\u00edv\u00e1ncsi is voltam kicsit a lak\u00f3k reakci\u00f3ira, de Cristina v\u00e9g\u00fcl osztatlan sikert aratott. :) Csod\u00e1lkoz\u00f3, elismer\u0151en b\u00f3logat\u00f3, \u00f3vatosan tapsol\u00f3, besz\u00e9lget\u0151 \u00e9s a l\u00e1tottakat d\u00edcs\u00e9r\u0151 lak\u00f3k k\u00f6z\u00f6tt \u00e9lvezt\u00fck a d\u00e9lut\u00e1nt, kerest\u00fck az \u00f6sszeill\u0151 \u00edveket, vonalakat, sz\u00edneket \u00e9s f\u00e9nyeket &#8211; \u00e1rny\u00e9kokat. \u00c9lm\u00e9ny volt, sz\u00edvesen folytatom b\u00e1rmikor, b\u00e1rkivel. :)<\/p>\n<p style=\"text-align: center;\"><img loading=\"lazy\" class=\"size-medium wp-image-1611 aligncenter\" style=\"margin-top: 30px; margin-bottom: 30px;\" title=\"ballerina-portrait-12\" src=\"https:\/\/www.kepfenyezo.hu\/blog\/wp-content\/uploads\/2009\/09\/ballerina-portrait-12-400x265.jpg\" alt=\"ballerina-portrait-12\" width=\"400\" height=\"265\" srcset=\"https:\/\/www.kepfenyezo.hu\/blog\/wp-content\/uploads\/2009\/09\/ballerina-portrait-12-400x265.jpg 400w, https:\/\/www.kepfenyezo.hu\/blog\/wp-content\/uploads\/2009\/09\/ballerina-portrait-12.jpg 640w\" sizes=\"(max-width: 400px) 100vw, 400px\" \/><\/p>\n<p><img class=\"alignright size-medium wp-image-1619\" style=\"margin: 3px;\" title=\"ballerina-portrait-20\" src=\"https:\/\/www.kepfenyezo.hu\/blog\/wp-content\/uploads\/2009\/09\/ballerina-portrait-20-199x300.jpg\" alt=\"ballerina-portrait-20\" width=\"120\" srcset=\"https:\/\/www.kepfenyezo.hu\/blog\/wp-content\/uploads\/2009\/09\/ballerina-portrait-20-199x300.jpg 199w, https:\/\/www.kepfenyezo.hu\/blog\/wp-content\/uploads\/2009\/09\/ballerina-portrait-20.jpg 319w\" sizes=\"(max-width: 199px) 100vw, 199px\" \/>A m\u00e1sik, r\u00e9g\u00f3ta d\u00e9delgetett terv a Gell\u00e9rt-f\u00fcrd\u0151 felkeres\u00e9se volt. Sz\u00ednes, kicsit keleties, misztikus \u00e9s izgalmas hangulat\u00fa hely. Csak egy sz\u00e9p \u00e9s dinamikus t\u00e1ncos kellett hozz\u00e1. :) Siker\u00fclt is egyeztetni vel\u00fck mindent, z\u00e1r\u00e1s ut\u00e1n, a marad\u00e9k kev\u00e9ske f\u00e9nyt kihaszn\u00e1lva bejutottunk &#8211; n\u00e9mi \u00f6r\u00f6mmel tapasztaltam, hogy a 40 fokot \u00e9s 100% p\u00e1r\u00e1t jobban b\u00edrja a technika, mint a fot\u00f3s. :) Ter\u00fclett\u0151l, t\u00e9m\u00e1t\u00f3l, foglalkoz\u00e1st\u00f3l f\u00fcggetlen\u00fcl mindig nagy \u00f6r\u00f6m, ha az ember egy r\u00e9g\u00f3ta d\u00e9delgetett, tervezgetett \u00e1lm\u00e1t val\u00f3ra v\u00e1lthatja &#8211; nekem itt \u00e9s most ezzel siker\u00fclt, h\u00e1l\u00e1s vagyok \u00e9rte. :)<\/p>\n<p><em>Another long time planned dream of mine was to shoot photos and the Gell\u00e9rt Bath. It&#8217;s colourful, mystic and excitingly hot atmosphere was almost crying for a beautiful and dynamic dancer, offering a perfect background to communicate with&#8230; And thank&#8217; God, both Cristy and the technique could managed the extremely hot and steamy climate, so we have the photos I&#8217;ve been dreaming about&#8230; :)<\/em><\/p>\n<p><img loading=\"lazy\" class=\"size-medium wp-image-1624   alignleft\" style=\"margin: 5px;\" title=\"ballerina-portrait-25\" src=\"https:\/\/www.kepfenyezo.hu\/blog\/wp-content\/uploads\/2009\/09\/ballerina-portrait-25-199x300.jpg\" alt=\"ballerina-portrait-25\" width=\"199\" height=\"300\" srcset=\"https:\/\/www.kepfenyezo.hu\/blog\/wp-content\/uploads\/2009\/09\/ballerina-portrait-25-199x300.jpg 199w, https:\/\/www.kepfenyezo.hu\/blog\/wp-content\/uploads\/2009\/09\/ballerina-portrait-25.jpg 319w\" sizes=\"(max-width: 199px) 100vw, 199px\" \/><img loading=\"lazy\" class=\"size-medium wp-image-1622 alignnone\" style=\"margin: 5px;\" title=\"ballerina-portrait-23\" src=\"https:\/\/www.kepfenyezo.hu\/blog\/wp-content\/uploads\/2009\/09\/ballerina-portrait-23-199x300.jpg\" alt=\"ballerina-portrait-23\" width=\"199\" height=\"300\" srcset=\"https:\/\/www.kepfenyezo.hu\/blog\/wp-content\/uploads\/2009\/09\/ballerina-portrait-23-199x300.jpg 199w, https:\/\/www.kepfenyezo.hu\/blog\/wp-content\/uploads\/2009\/09\/ballerina-portrait-23.jpg 319w\" sizes=\"(max-width: 199px) 100vw, 199px\" \/><\/p>\n<p>Nagy k\u00f6sz\u00f6net Cristina Porres Mormeneo-nak a k\u00f6zrem\u0171k\u00f6d\u00e9s\u00e9rt, a m\u0171v\u00e9szi szem\u00e9\u00e9rt \u00e9s \u00f6tletei\u00e9rt, valamint a sz\u00e1zadfordul\u00f3 Budapestj\u00e9nek \u00e9s a Gell\u00e9rt-f\u00fcrd\u0151nek a helysz\u00edn biztos\u00edt\u00e1s\u00e1\u00e9rt. :)<\/p>\n<p><em>So bing thanks to Cristina Porres Mormeneo for her artistic contribution, ideas, time, concentration and elegance &#8211; and of course for Budapest and the Gell\u00e9rt Bath for offering these beautiful locations. :)<\/em><br \/>\n<em>By clicking on the photo below, you may see a slideshow, with the song &#8220;Budapest&#8221; by Jehtro Tull &#8211; another foreign artist, once visiting this beautiful city.<\/em><\/p>\n<p>Az al\u00e1bbi k\u00e9pre kattintva egy diavet\u00edt\u00e9s l\u00e1that\u00f3 a d\u00e9lut\u00e1n \u00e9s este folyam\u00e1n k\u00e9sz\u00fclt k\u00e9pekb\u0151l (egy, valaha n\u00e1lunk vend\u00e9gesked\u0151, k\u00fclf\u00f6ldi zenekar (Jethro Tull)\u00a0 &#8220;Budapest&#8221; c\u00edm\u0171 zen\u00e9j\u00e9re &#8211; j\u00f3 volt r\u00e1tal\u00e1lni, hib\u00e1tlanul illeszkedik a koncepci\u00f3hoz):<\/p>\n<p><a title=\"Ballerina photo slideshow\" href=\"http:\/\/www.tanc.kepfenyezo.hu\/galleries\/2009\/cristy\/\" target=\"_blank\"><img loading=\"lazy\" class=\"aligncenter size-medium wp-image-1623\" title=\"ballerina-portrait-24\" src=\"https:\/\/www.kepfenyezo.hu\/blog\/wp-content\/uploads\/2009\/09\/ballerina-portrait-24-400x265.jpg\" alt=\"ballerina-portrait-24\" width=\"400\" height=\"265\" srcset=\"https:\/\/www.kepfenyezo.hu\/blog\/wp-content\/uploads\/2009\/09\/ballerina-portrait-24-400x265.jpg 400w, https:\/\/www.kepfenyezo.hu\/blog\/wp-content\/uploads\/2009\/09\/ballerina-portrait-24.jpg 640w\" sizes=\"(max-width: 400px) 100vw, 400px\" \/><\/a><\/p>\n<p>Egy kisebb v\u00e1logat\u00e1s a kedvenc k\u00e9peimb\u0151l:<\/p>\n<div data-carousel-extra='{\"blog_id\":1,\"permalink\":\"https:\\\/\\\/www.kepfenyezo.hu\\\/blog\\\/tanc\\\/egy-balerina-portreja\\\/\"}' class=\"tiled-gallery type-rectangular\" data-original-width=\"756\"><div class=\"gallery-row\" style=\"width: 751px; height: 276px;\"><div class=\"gallery-group images-1\" style=\"width: 188px; height: 280px;\"><div class=\"tiled-gallery-item tiled-gallery-item-small\"><a href=\"https:\/\/www.kepfenyezo.hu\/blog\/wp-content\/uploads\/2009\/09\/ballerina-portrait-01.jpg\"><img data-attachment-id=\"1600\" data-orig-file=\"https:\/\/www.kepfenyezo.hu\/blog\/wp-content\/uploads\/2009\/09\/ballerina-portrait-01.jpg\" data-orig-size=\"319,480\" data-comments-opened=\"1\" data-image-meta=\"{&quot;aperture&quot;:&quot;0&quot;,&quot;credit&quot;:&quot;&quot;,&quot;camera&quot;:&quot;&quot;,&quot;caption&quot;:&quot;&quot;,&quot;created_timestamp&quot;:&quot;0&quot;,&quot;copyright&quot;:&quot;&quot;,&quot;focal_length&quot;:&quot;0&quot;,&quot;iso&quot;:&quot;0&quot;,&quot;shutter_speed&quot;:&quot;0&quot;,&quot;title&quot;:&quot;&quot;}\" data-image-title=\"ballerina-portrait-01\" data-image-description=\"\" data-medium-file=\"https:\/\/www.kepfenyezo.hu\/blog\/wp-content\/uploads\/2009\/09\/ballerina-portrait-01-199x300.jpg\" data-large-file=\"https:\/\/www.kepfenyezo.hu\/blog\/wp-content\/uploads\/2009\/09\/ballerina-portrait-01.jpg\" src=\"https:\/\/www.kepfenyezo.hu\/blog\/wp-content\/uploads\/2009\/09\/ballerina-portrait-01-184x276.jpg\" width=\"184\" height=\"276\" align=\"left\" title=\"ballerina-portrait-01\" \/><\/a><\/div><\/div><div class=\"gallery-group images-1\" style=\"width: 188px; height: 280px;\"><div class=\"tiled-gallery-item tiled-gallery-item-small\"><a href=\"https:\/\/www.kepfenyezo.hu\/blog\/wp-content\/uploads\/2009\/09\/ballerina-portrait-02.jpg\"><img data-attachment-id=\"1601\" data-orig-file=\"https:\/\/www.kepfenyezo.hu\/blog\/wp-content\/uploads\/2009\/09\/ballerina-portrait-02.jpg\" data-orig-size=\"319,480\" data-comments-opened=\"1\" data-image-meta=\"{&quot;aperture&quot;:&quot;0&quot;,&quot;credit&quot;:&quot;&quot;,&quot;camera&quot;:&quot;&quot;,&quot;caption&quot;:&quot;&quot;,&quot;created_timestamp&quot;:&quot;0&quot;,&quot;copyright&quot;:&quot;&quot;,&quot;focal_length&quot;:&quot;0&quot;,&quot;iso&quot;:&quot;0&quot;,&quot;shutter_speed&quot;:&quot;0&quot;,&quot;title&quot;:&quot;&quot;}\" data-image-title=\"ballerina-portrait-02\" data-image-description=\"\" data-medium-file=\"https:\/\/www.kepfenyezo.hu\/blog\/wp-content\/uploads\/2009\/09\/ballerina-portrait-02-199x300.jpg\" data-large-file=\"https:\/\/www.kepfenyezo.hu\/blog\/wp-content\/uploads\/2009\/09\/ballerina-portrait-02.jpg\" src=\"https:\/\/www.kepfenyezo.hu\/blog\/wp-content\/uploads\/2009\/09\/ballerina-portrait-02-184x276.jpg\" width=\"184\" height=\"276\" align=\"left\" title=\"ballerina-portrait-02\" \/><\/a><\/div><\/div><div class=\"gallery-group images-1\" style=\"width: 188px; height: 280px;\"><div class=\"tiled-gallery-item tiled-gallery-item-small\"><a href=\"https:\/\/www.kepfenyezo.hu\/blog\/wp-content\/uploads\/2009\/09\/ballerina-portrait-03.jpg\"><img data-attachment-id=\"1602\" data-orig-file=\"https:\/\/www.kepfenyezo.hu\/blog\/wp-content\/uploads\/2009\/09\/ballerina-portrait-03.jpg\" data-orig-size=\"319,480\" data-comments-opened=\"1\" data-image-meta=\"{&quot;aperture&quot;:&quot;0&quot;,&quot;credit&quot;:&quot;&quot;,&quot;camera&quot;:&quot;&quot;,&quot;caption&quot;:&quot;&quot;,&quot;created_timestamp&quot;:&quot;0&quot;,&quot;copyright&quot;:&quot;&quot;,&quot;focal_length&quot;:&quot;0&quot;,&quot;iso&quot;:&quot;0&quot;,&quot;shutter_speed&quot;:&quot;0&quot;,&quot;title&quot;:&quot;&quot;}\" data-image-title=\"ballerina-portrait-03\" data-image-description=\"\" data-medium-file=\"https:\/\/www.kepfenyezo.hu\/blog\/wp-content\/uploads\/2009\/09\/ballerina-portrait-03-199x300.jpg\" data-large-file=\"https:\/\/www.kepfenyezo.hu\/blog\/wp-content\/uploads\/2009\/09\/ballerina-portrait-03.jpg\" src=\"https:\/\/www.kepfenyezo.hu\/blog\/wp-content\/uploads\/2009\/09\/ballerina-portrait-03-184x276.jpg\" width=\"184\" height=\"276\" align=\"left\" title=\"ballerina-portrait-03\" \/><\/a><\/div><\/div><div class=\"gallery-group images-1\" style=\"width: 187px; height: 280px;\"><div class=\"tiled-gallery-item tiled-gallery-item-small\"><a href=\"https:\/\/www.kepfenyezo.hu\/blog\/wp-content\/uploads\/2009\/09\/ballerina-portrait-04.jpg\"><img data-attachment-id=\"1603\" data-orig-file=\"https:\/\/www.kepfenyezo.hu\/blog\/wp-content\/uploads\/2009\/09\/ballerina-portrait-04.jpg\" data-orig-size=\"319,480\" data-comments-opened=\"1\" data-image-meta=\"{&quot;aperture&quot;:&quot;0&quot;,&quot;credit&quot;:&quot;&quot;,&quot;camera&quot;:&quot;&quot;,&quot;caption&quot;:&quot;&quot;,&quot;created_timestamp&quot;:&quot;0&quot;,&quot;copyright&quot;:&quot;&quot;,&quot;focal_length&quot;:&quot;0&quot;,&quot;iso&quot;:&quot;0&quot;,&quot;shutter_speed&quot;:&quot;0&quot;,&quot;title&quot;:&quot;&quot;}\" data-image-title=\"ballerina-portrait-04\" data-image-description=\"\" data-medium-file=\"https:\/\/www.kepfenyezo.hu\/blog\/wp-content\/uploads\/2009\/09\/ballerina-portrait-04-199x300.jpg\" data-large-file=\"https:\/\/www.kepfenyezo.hu\/blog\/wp-content\/uploads\/2009\/09\/ballerina-portrait-04.jpg\" src=\"https:\/\/www.kepfenyezo.hu\/blog\/wp-content\/uploads\/2009\/09\/ballerina-portrait-04-183x276.jpg\" width=\"183\" height=\"276\" align=\"left\" title=\"ballerina-portrait-04\" \/><\/a><\/div><\/div><\/div><div class=\"gallery-row\" style=\"width: 751px; height: 371px;\"><div class=\"gallery-group images-1\" style=\"width: 251px; height: 375px;\"><div class=\"tiled-gallery-item tiled-gallery-item-small\"><a href=\"https:\/\/www.kepfenyezo.hu\/blog\/wp-content\/uploads\/2009\/09\/ballerina-portrait-05.jpg\"><img data-attachment-id=\"1604\" data-orig-file=\"https:\/\/www.kepfenyezo.hu\/blog\/wp-content\/uploads\/2009\/09\/ballerina-portrait-05.jpg\" data-orig-size=\"319,480\" data-comments-opened=\"1\" data-image-meta=\"{&quot;aperture&quot;:&quot;0&quot;,&quot;credit&quot;:&quot;&quot;,&quot;camera&quot;:&quot;&quot;,&quot;caption&quot;:&quot;&quot;,&quot;created_timestamp&quot;:&quot;0&quot;,&quot;copyright&quot;:&quot;&quot;,&quot;focal_length&quot;:&quot;0&quot;,&quot;iso&quot;:&quot;0&quot;,&quot;shutter_speed&quot;:&quot;0&quot;,&quot;title&quot;:&quot;&quot;}\" data-image-title=\"ballerina-portrait-05\" data-image-description=\"\" data-medium-file=\"https:\/\/www.kepfenyezo.hu\/blog\/wp-content\/uploads\/2009\/09\/ballerina-portrait-05-199x300.jpg\" data-large-file=\"https:\/\/www.kepfenyezo.hu\/blog\/wp-content\/uploads\/2009\/09\/ballerina-portrait-05.jpg\" src=\"https:\/\/www.kepfenyezo.hu\/blog\/wp-content\/uploads\/2009\/09\/ballerina-portrait-05-247x371.jpg\" width=\"247\" height=\"371\" align=\"left\" title=\"ballerina-portrait-05\" \/><\/a><\/div><\/div><div class=\"gallery-group images-1\" style=\"width: 250px; height: 375px;\"><div class=\"tiled-gallery-item tiled-gallery-item-small\"><a href=\"https:\/\/www.kepfenyezo.hu\/blog\/wp-content\/uploads\/2009\/09\/ballerina-portrait-06.jpg\"><img data-attachment-id=\"1605\" data-orig-file=\"https:\/\/www.kepfenyezo.hu\/blog\/wp-content\/uploads\/2009\/09\/ballerina-portrait-06.jpg\" data-orig-size=\"319,480\" data-comments-opened=\"1\" data-image-meta=\"{&quot;aperture&quot;:&quot;0&quot;,&quot;credit&quot;:&quot;&quot;,&quot;camera&quot;:&quot;&quot;,&quot;caption&quot;:&quot;&quot;,&quot;created_timestamp&quot;:&quot;0&quot;,&quot;copyright&quot;:&quot;&quot;,&quot;focal_length&quot;:&quot;0&quot;,&quot;iso&quot;:&quot;0&quot;,&quot;shutter_speed&quot;:&quot;0&quot;,&quot;title&quot;:&quot;&quot;}\" data-image-title=\"ballerina-portrait-06\" data-image-description=\"\" data-medium-file=\"https:\/\/www.kepfenyezo.hu\/blog\/wp-content\/uploads\/2009\/09\/ballerina-portrait-06-199x300.jpg\" data-large-file=\"https:\/\/www.kepfenyezo.hu\/blog\/wp-content\/uploads\/2009\/09\/ballerina-portrait-06.jpg\" src=\"https:\/\/www.kepfenyezo.hu\/blog\/wp-content\/uploads\/2009\/09\/ballerina-portrait-06-246x371.jpg\" width=\"246\" height=\"371\" align=\"left\" title=\"ballerina-portrait-06\" \/><\/a><\/div><\/div><div class=\"gallery-group images-1\" style=\"width: 250px; height: 375px;\"><div class=\"tiled-gallery-item tiled-gallery-item-small\"><a href=\"https:\/\/www.kepfenyezo.hu\/blog\/wp-content\/uploads\/2009\/09\/ballerina-portrait-07.jpg\"><img data-attachment-id=\"1606\" data-orig-file=\"https:\/\/www.kepfenyezo.hu\/blog\/wp-content\/uploads\/2009\/09\/ballerina-portrait-07.jpg\" data-orig-size=\"319,480\" data-comments-opened=\"1\" data-image-meta=\"{&quot;aperture&quot;:&quot;0&quot;,&quot;credit&quot;:&quot;&quot;,&quot;camera&quot;:&quot;&quot;,&quot;caption&quot;:&quot;&quot;,&quot;created_timestamp&quot;:&quot;0&quot;,&quot;copyright&quot;:&quot;&quot;,&quot;focal_length&quot;:&quot;0&quot;,&quot;iso&quot;:&quot;0&quot;,&quot;shutter_speed&quot;:&quot;0&quot;,&quot;title&quot;:&quot;&quot;}\" data-image-title=\"ballerina-portrait-07\" data-image-description=\"\" data-medium-file=\"https:\/\/www.kepfenyezo.hu\/blog\/wp-content\/uploads\/2009\/09\/ballerina-portrait-07-199x300.jpg\" data-large-file=\"https:\/\/www.kepfenyezo.hu\/blog\/wp-content\/uploads\/2009\/09\/ballerina-portrait-07.jpg\" src=\"https:\/\/www.kepfenyezo.hu\/blog\/wp-content\/uploads\/2009\/09\/ballerina-portrait-07-246x371.jpg\" width=\"246\" height=\"371\" align=\"left\" title=\"ballerina-portrait-07\" \/><\/a><\/div><\/div><\/div><div class=\"gallery-row\" style=\"width: 751px; height: 342px;\"><div class=\"gallery-group images-1\" style=\"width: 232px; height: 346px;\"><div class=\"tiled-gallery-item tiled-gallery-item-small\"><a href=\"https:\/\/www.kepfenyezo.hu\/blog\/wp-content\/uploads\/2009\/09\/ballerina-portrait-08.jpg\"><img data-attachment-id=\"1607\" data-orig-file=\"https:\/\/www.kepfenyezo.hu\/blog\/wp-content\/uploads\/2009\/09\/ballerina-portrait-08.jpg\" data-orig-size=\"319,480\" data-comments-opened=\"1\" data-image-meta=\"{&quot;aperture&quot;:&quot;0&quot;,&quot;credit&quot;:&quot;&quot;,&quot;camera&quot;:&quot;&quot;,&quot;caption&quot;:&quot;&quot;,&quot;created_timestamp&quot;:&quot;0&quot;,&quot;copyright&quot;:&quot;&quot;,&quot;focal_length&quot;:&quot;0&quot;,&quot;iso&quot;:&quot;0&quot;,&quot;shutter_speed&quot;:&quot;0&quot;,&quot;title&quot;:&quot;&quot;}\" data-image-title=\"ballerina-portrait-08\" data-image-description=\"\" data-medium-file=\"https:\/\/www.kepfenyezo.hu\/blog\/wp-content\/uploads\/2009\/09\/ballerina-portrait-08-199x300.jpg\" data-large-file=\"https:\/\/www.kepfenyezo.hu\/blog\/wp-content\/uploads\/2009\/09\/ballerina-portrait-08.jpg\" src=\"https:\/\/www.kepfenyezo.hu\/blog\/wp-content\/uploads\/2009\/09\/ballerina-portrait-08-228x342.jpg\" width=\"228\" height=\"342\" align=\"left\" title=\"ballerina-portrait-08\" \/><\/a><\/div><\/div><div class=\"gallery-group images-1\" style=\"width: 519px; height: 346px;\"><div class=\"tiled-gallery-item tiled-gallery-item-large\"><a href=\"https:\/\/www.kepfenyezo.hu\/blog\/wp-content\/uploads\/2009\/09\/ballerina-portrait-09.jpg\"><img data-attachment-id=\"1608\" data-orig-file=\"https:\/\/www.kepfenyezo.hu\/blog\/wp-content\/uploads\/2009\/09\/ballerina-portrait-09.jpg\" data-orig-size=\"640,425\" data-comments-opened=\"1\" data-image-meta=\"{&quot;aperture&quot;:&quot;0&quot;,&quot;credit&quot;:&quot;&quot;,&quot;camera&quot;:&quot;&quot;,&quot;caption&quot;:&quot;&quot;,&quot;created_timestamp&quot;:&quot;0&quot;,&quot;copyright&quot;:&quot;&quot;,&quot;focal_length&quot;:&quot;0&quot;,&quot;iso&quot;:&quot;0&quot;,&quot;shutter_speed&quot;:&quot;0&quot;,&quot;title&quot;:&quot;&quot;}\" data-image-title=\"ballerina-portrait-09\" data-image-description=\"\" data-medium-file=\"https:\/\/www.kepfenyezo.hu\/blog\/wp-content\/uploads\/2009\/09\/ballerina-portrait-09-400x265.jpg\" data-large-file=\"https:\/\/www.kepfenyezo.hu\/blog\/wp-content\/uploads\/2009\/09\/ballerina-portrait-09.jpg\" src=\"https:\/\/www.kepfenyezo.hu\/blog\/wp-content\/uploads\/2009\/09\/ballerina-portrait-09-515x342.jpg\" width=\"515\" height=\"342\" align=\"left\" title=\"ballerina-portrait-09\" \/><\/a><\/div><\/div><\/div><div class=\"gallery-row\" style=\"width: 751px; height: 526px;\"><div class=\"gallery-group images-1\" style=\"width: 354px; height: 530px;\"><div class=\"tiled-gallery-item tiled-gallery-item-large\"><a href=\"https:\/\/www.kepfenyezo.hu\/blog\/wp-content\/uploads\/2009\/09\/ballerina-portrait-10.jpg\"><img data-attachment-id=\"1609\" data-orig-file=\"https:\/\/www.kepfenyezo.hu\/blog\/wp-content\/uploads\/2009\/09\/ballerina-portrait-10.jpg\" data-orig-size=\"319,480\" data-comments-opened=\"1\" data-image-meta=\"{&quot;aperture&quot;:&quot;0&quot;,&quot;credit&quot;:&quot;&quot;,&quot;camera&quot;:&quot;&quot;,&quot;caption&quot;:&quot;&quot;,&quot;created_timestamp&quot;:&quot;0&quot;,&quot;copyright&quot;:&quot;&quot;,&quot;focal_length&quot;:&quot;0&quot;,&quot;iso&quot;:&quot;0&quot;,&quot;shutter_speed&quot;:&quot;0&quot;,&quot;title&quot;:&quot;&quot;}\" data-image-title=\"ballerina-portrait-10\" data-image-description=\"\" data-medium-file=\"https:\/\/www.kepfenyezo.hu\/blog\/wp-content\/uploads\/2009\/09\/ballerina-portrait-10-199x300.jpg\" data-large-file=\"https:\/\/www.kepfenyezo.hu\/blog\/wp-content\/uploads\/2009\/09\/ballerina-portrait-10.jpg\" src=\"https:\/\/www.kepfenyezo.hu\/blog\/wp-content\/uploads\/2009\/09\/ballerina-portrait-10.jpg\" width=\"350\" height=\"526\" align=\"left\" title=\"ballerina-portrait-10\" \/><\/a><\/div><\/div><div class=\"gallery-group images-2\" style=\"width: 397px; height: 530px;\"><div class=\"tiled-gallery-item tiled-gallery-item-large\"><a href=\"https:\/\/www.kepfenyezo.hu\/blog\/wp-content\/uploads\/2009\/09\/ballerina-portrait-11.jpg\"><img data-attachment-id=\"1610\" data-orig-file=\"https:\/\/www.kepfenyezo.hu\/blog\/wp-content\/uploads\/2009\/09\/ballerina-portrait-11.jpg\" data-orig-size=\"640,425\" data-comments-opened=\"1\" data-image-meta=\"{&quot;aperture&quot;:&quot;0&quot;,&quot;credit&quot;:&quot;&quot;,&quot;camera&quot;:&quot;&quot;,&quot;caption&quot;:&quot;&quot;,&quot;created_timestamp&quot;:&quot;0&quot;,&quot;copyright&quot;:&quot;&quot;,&quot;focal_length&quot;:&quot;0&quot;,&quot;iso&quot;:&quot;0&quot;,&quot;shutter_speed&quot;:&quot;0&quot;,&quot;title&quot;:&quot;&quot;}\" data-image-title=\"ballerina-portrait-11\" data-image-description=\"\" data-medium-file=\"https:\/\/www.kepfenyezo.hu\/blog\/wp-content\/uploads\/2009\/09\/ballerina-portrait-11-400x265.jpg\" data-large-file=\"https:\/\/www.kepfenyezo.hu\/blog\/wp-content\/uploads\/2009\/09\/ballerina-portrait-11.jpg\" src=\"https:\/\/www.kepfenyezo.hu\/blog\/wp-content\/uploads\/2009\/09\/ballerina-portrait-11-393x261.jpg\" width=\"393\" height=\"261\" align=\"left\" title=\"ballerina-portrait-11\" \/><\/a><\/div><div class=\"tiled-gallery-item tiled-gallery-item-large\"><a href=\"https:\/\/www.kepfenyezo.hu\/blog\/wp-content\/uploads\/2009\/09\/ballerina-portrait-12.jpg\"><img data-attachment-id=\"1611\" data-orig-file=\"https:\/\/www.kepfenyezo.hu\/blog\/wp-content\/uploads\/2009\/09\/ballerina-portrait-12.jpg\" data-orig-size=\"640,425\" data-comments-opened=\"1\" data-image-meta=\"{&quot;aperture&quot;:&quot;0&quot;,&quot;credit&quot;:&quot;&quot;,&quot;camera&quot;:&quot;&quot;,&quot;caption&quot;:&quot;&quot;,&quot;created_timestamp&quot;:&quot;0&quot;,&quot;copyright&quot;:&quot;&quot;,&quot;focal_length&quot;:&quot;0&quot;,&quot;iso&quot;:&quot;0&quot;,&quot;shutter_speed&quot;:&quot;0&quot;,&quot;title&quot;:&quot;&quot;}\" data-image-title=\"ballerina-portrait-12\" data-image-description=\"\" data-medium-file=\"https:\/\/www.kepfenyezo.hu\/blog\/wp-content\/uploads\/2009\/09\/ballerina-portrait-12-400x265.jpg\" data-large-file=\"https:\/\/www.kepfenyezo.hu\/blog\/wp-content\/uploads\/2009\/09\/ballerina-portrait-12.jpg\" src=\"https:\/\/www.kepfenyezo.hu\/blog\/wp-content\/uploads\/2009\/09\/ballerina-portrait-12-393x261.jpg\" width=\"393\" height=\"261\" align=\"left\" title=\"ballerina-portrait-12\" \/><\/a><\/div><\/div><\/div><div class=\"gallery-row\" style=\"width: 751px; height: 276px;\"><div class=\"gallery-group images-1\" style=\"width: 188px; height: 280px;\"><div class=\"tiled-gallery-item tiled-gallery-item-small\"><a href=\"https:\/\/www.kepfenyezo.hu\/blog\/wp-content\/uploads\/2009\/09\/ballerina-portrait-13.jpg\"><img data-attachment-id=\"1612\" data-orig-file=\"https:\/\/www.kepfenyezo.hu\/blog\/wp-content\/uploads\/2009\/09\/ballerina-portrait-13.jpg\" data-orig-size=\"319,480\" data-comments-opened=\"1\" data-image-meta=\"{&quot;aperture&quot;:&quot;0&quot;,&quot;credit&quot;:&quot;&quot;,&quot;camera&quot;:&quot;&quot;,&quot;caption&quot;:&quot;&quot;,&quot;created_timestamp&quot;:&quot;0&quot;,&quot;copyright&quot;:&quot;&quot;,&quot;focal_length&quot;:&quot;0&quot;,&quot;iso&quot;:&quot;0&quot;,&quot;shutter_speed&quot;:&quot;0&quot;,&quot;title&quot;:&quot;&quot;}\" data-image-title=\"ballerina-portrait-13\" data-image-description=\"\" data-medium-file=\"https:\/\/www.kepfenyezo.hu\/blog\/wp-content\/uploads\/2009\/09\/ballerina-portrait-13-199x300.jpg\" data-large-file=\"https:\/\/www.kepfenyezo.hu\/blog\/wp-content\/uploads\/2009\/09\/ballerina-portrait-13.jpg\" src=\"https:\/\/www.kepfenyezo.hu\/blog\/wp-content\/uploads\/2009\/09\/ballerina-portrait-13-184x276.jpg\" width=\"184\" height=\"276\" align=\"left\" title=\"ballerina-portrait-13\" \/><\/a><\/div><\/div><div class=\"gallery-group images-1\" style=\"width: 188px; height: 280px;\"><div class=\"tiled-gallery-item tiled-gallery-item-small\"><a href=\"https:\/\/www.kepfenyezo.hu\/blog\/wp-content\/uploads\/2009\/09\/ballerina-portrait-14.jpg\"><img data-attachment-id=\"1613\" data-orig-file=\"https:\/\/www.kepfenyezo.hu\/blog\/wp-content\/uploads\/2009\/09\/ballerina-portrait-14.jpg\" data-orig-size=\"319,480\" data-comments-opened=\"1\" data-image-meta=\"{&quot;aperture&quot;:&quot;0&quot;,&quot;credit&quot;:&quot;&quot;,&quot;camera&quot;:&quot;&quot;,&quot;caption&quot;:&quot;&quot;,&quot;created_timestamp&quot;:&quot;0&quot;,&quot;copyright&quot;:&quot;&quot;,&quot;focal_length&quot;:&quot;0&quot;,&quot;iso&quot;:&quot;0&quot;,&quot;shutter_speed&quot;:&quot;0&quot;,&quot;title&quot;:&quot;&quot;}\" data-image-title=\"ballerina-portrait-14\" data-image-description=\"\" data-medium-file=\"https:\/\/www.kepfenyezo.hu\/blog\/wp-content\/uploads\/2009\/09\/ballerina-portrait-14-199x300.jpg\" data-large-file=\"https:\/\/www.kepfenyezo.hu\/blog\/wp-content\/uploads\/2009\/09\/ballerina-portrait-14.jpg\" src=\"https:\/\/www.kepfenyezo.hu\/blog\/wp-content\/uploads\/2009\/09\/ballerina-portrait-14-184x276.jpg\" width=\"184\" height=\"276\" align=\"left\" title=\"ballerina-portrait-14\" \/><\/a><\/div><\/div><div class=\"gallery-group images-1\" style=\"width: 188px; height: 280px;\"><div class=\"tiled-gallery-item tiled-gallery-item-small\"><a href=\"https:\/\/www.kepfenyezo.hu\/blog\/wp-content\/uploads\/2009\/09\/ballerina-portrait-15.jpg\"><img data-attachment-id=\"1614\" data-orig-file=\"https:\/\/www.kepfenyezo.hu\/blog\/wp-content\/uploads\/2009\/09\/ballerina-portrait-15.jpg\" data-orig-size=\"319,480\" data-comments-opened=\"1\" data-image-meta=\"{&quot;aperture&quot;:&quot;0&quot;,&quot;credit&quot;:&quot;&quot;,&quot;camera&quot;:&quot;&quot;,&quot;caption&quot;:&quot;&quot;,&quot;created_timestamp&quot;:&quot;0&quot;,&quot;copyright&quot;:&quot;&quot;,&quot;focal_length&quot;:&quot;0&quot;,&quot;iso&quot;:&quot;0&quot;,&quot;shutter_speed&quot;:&quot;0&quot;,&quot;title&quot;:&quot;&quot;}\" data-image-title=\"ballerina-portrait-15\" data-image-description=\"\" data-medium-file=\"https:\/\/www.kepfenyezo.hu\/blog\/wp-content\/uploads\/2009\/09\/ballerina-portrait-15-199x300.jpg\" data-large-file=\"https:\/\/www.kepfenyezo.hu\/blog\/wp-content\/uploads\/2009\/09\/ballerina-portrait-15.jpg\" src=\"https:\/\/www.kepfenyezo.hu\/blog\/wp-content\/uploads\/2009\/09\/ballerina-portrait-15-184x276.jpg\" width=\"184\" height=\"276\" align=\"left\" title=\"ballerina-portrait-15\" \/><\/a><\/div><\/div><div class=\"gallery-group images-1\" style=\"width: 187px; height: 280px;\"><div class=\"tiled-gallery-item tiled-gallery-item-small\"><a href=\"https:\/\/www.kepfenyezo.hu\/blog\/wp-content\/uploads\/2009\/09\/ballerina-portrait-16.jpg\"><img data-attachment-id=\"1615\" data-orig-file=\"https:\/\/www.kepfenyezo.hu\/blog\/wp-content\/uploads\/2009\/09\/ballerina-portrait-16.jpg\" data-orig-size=\"319,480\" data-comments-opened=\"1\" data-image-meta=\"{&quot;aperture&quot;:&quot;0&quot;,&quot;credit&quot;:&quot;&quot;,&quot;camera&quot;:&quot;&quot;,&quot;caption&quot;:&quot;&quot;,&quot;created_timestamp&quot;:&quot;0&quot;,&quot;copyright&quot;:&quot;&quot;,&quot;focal_length&quot;:&quot;0&quot;,&quot;iso&quot;:&quot;0&quot;,&quot;shutter_speed&quot;:&quot;0&quot;,&quot;title&quot;:&quot;&quot;}\" data-image-title=\"ballerina-portrait-16\" data-image-description=\"\" data-medium-file=\"https:\/\/www.kepfenyezo.hu\/blog\/wp-content\/uploads\/2009\/09\/ballerina-portrait-16-199x300.jpg\" data-large-file=\"https:\/\/www.kepfenyezo.hu\/blog\/wp-content\/uploads\/2009\/09\/ballerina-portrait-16.jpg\" src=\"https:\/\/www.kepfenyezo.hu\/blog\/wp-content\/uploads\/2009\/09\/ballerina-portrait-16-183x276.jpg\" width=\"183\" height=\"276\" align=\"left\" title=\"ballerina-portrait-16\" \/><\/a><\/div><\/div><\/div><div class=\"gallery-row\" style=\"width: 751px; height: 371px;\"><div class=\"gallery-group images-1\" style=\"width: 251px; height: 375px;\"><div class=\"tiled-gallery-item tiled-gallery-item-small\"><a href=\"https:\/\/www.kepfenyezo.hu\/blog\/wp-content\/uploads\/2009\/09\/ballerina-portrait-17.jpg\"><img data-attachment-id=\"1616\" data-orig-file=\"https:\/\/www.kepfenyezo.hu\/blog\/wp-content\/uploads\/2009\/09\/ballerina-portrait-17.jpg\" data-orig-size=\"319,480\" data-comments-opened=\"1\" data-image-meta=\"{&quot;aperture&quot;:&quot;0&quot;,&quot;credit&quot;:&quot;&quot;,&quot;camera&quot;:&quot;&quot;,&quot;caption&quot;:&quot;&quot;,&quot;created_timestamp&quot;:&quot;0&quot;,&quot;copyright&quot;:&quot;&quot;,&quot;focal_length&quot;:&quot;0&quot;,&quot;iso&quot;:&quot;0&quot;,&quot;shutter_speed&quot;:&quot;0&quot;,&quot;title&quot;:&quot;&quot;}\" data-image-title=\"ballerina-portrait-17\" data-image-description=\"\" data-medium-file=\"https:\/\/www.kepfenyezo.hu\/blog\/wp-content\/uploads\/2009\/09\/ballerina-portrait-17-199x300.jpg\" data-large-file=\"https:\/\/www.kepfenyezo.hu\/blog\/wp-content\/uploads\/2009\/09\/ballerina-portrait-17.jpg\" src=\"https:\/\/www.kepfenyezo.hu\/blog\/wp-content\/uploads\/2009\/09\/ballerina-portrait-17-247x371.jpg\" width=\"247\" height=\"371\" align=\"left\" title=\"ballerina-portrait-17\" \/><\/a><\/div><\/div><div class=\"gallery-group images-1\" style=\"width: 250px; height: 375px;\"><div class=\"tiled-gallery-item tiled-gallery-item-small\"><a href=\"https:\/\/www.kepfenyezo.hu\/blog\/wp-content\/uploads\/2009\/09\/ballerina-portrait-18.jpg\"><img data-attachment-id=\"1617\" data-orig-file=\"https:\/\/www.kepfenyezo.hu\/blog\/wp-content\/uploads\/2009\/09\/ballerina-portrait-18.jpg\" data-orig-size=\"319,480\" data-comments-opened=\"1\" data-image-meta=\"{&quot;aperture&quot;:&quot;0&quot;,&quot;credit&quot;:&quot;&quot;,&quot;camera&quot;:&quot;&quot;,&quot;caption&quot;:&quot;&quot;,&quot;created_timestamp&quot;:&quot;0&quot;,&quot;copyright&quot;:&quot;&quot;,&quot;focal_length&quot;:&quot;0&quot;,&quot;iso&quot;:&quot;0&quot;,&quot;shutter_speed&quot;:&quot;0&quot;,&quot;title&quot;:&quot;&quot;}\" data-image-title=\"ballerina-portrait-18\" data-image-description=\"\" data-medium-file=\"https:\/\/www.kepfenyezo.hu\/blog\/wp-content\/uploads\/2009\/09\/ballerina-portrait-18-199x300.jpg\" data-large-file=\"https:\/\/www.kepfenyezo.hu\/blog\/wp-content\/uploads\/2009\/09\/ballerina-portrait-18.jpg\" src=\"https:\/\/www.kepfenyezo.hu\/blog\/wp-content\/uploads\/2009\/09\/ballerina-portrait-18-246x371.jpg\" width=\"246\" height=\"371\" align=\"left\" title=\"ballerina-portrait-18\" \/><\/a><\/div><\/div><div class=\"gallery-group images-1\" style=\"width: 250px; height: 375px;\"><div class=\"tiled-gallery-item tiled-gallery-item-small\"><a href=\"https:\/\/www.kepfenyezo.hu\/blog\/wp-content\/uploads\/2009\/09\/ballerina-portrait-19.jpg\"><img data-attachment-id=\"1618\" data-orig-file=\"https:\/\/www.kepfenyezo.hu\/blog\/wp-content\/uploads\/2009\/09\/ballerina-portrait-19.jpg\" data-orig-size=\"319,480\" data-comments-opened=\"1\" data-image-meta=\"{&quot;aperture&quot;:&quot;0&quot;,&quot;credit&quot;:&quot;&quot;,&quot;camera&quot;:&quot;&quot;,&quot;caption&quot;:&quot;&quot;,&quot;created_timestamp&quot;:&quot;0&quot;,&quot;copyright&quot;:&quot;&quot;,&quot;focal_length&quot;:&quot;0&quot;,&quot;iso&quot;:&quot;0&quot;,&quot;shutter_speed&quot;:&quot;0&quot;,&quot;title&quot;:&quot;&quot;}\" data-image-title=\"ballerina-portrait-19\" data-image-description=\"\" data-medium-file=\"https:\/\/www.kepfenyezo.hu\/blog\/wp-content\/uploads\/2009\/09\/ballerina-portrait-19-199x300.jpg\" data-large-file=\"https:\/\/www.kepfenyezo.hu\/blog\/wp-content\/uploads\/2009\/09\/ballerina-portrait-19.jpg\" src=\"https:\/\/www.kepfenyezo.hu\/blog\/wp-content\/uploads\/2009\/09\/ballerina-portrait-19-246x371.jpg\" width=\"246\" height=\"371\" align=\"left\" title=\"ballerina-portrait-19\" \/><\/a><\/div><\/div><\/div><div class=\"gallery-row\" style=\"width: 751px; height: 276px;\"><div class=\"gallery-group images-1\" style=\"width: 188px; height: 280px;\"><div class=\"tiled-gallery-item tiled-gallery-item-small\"><a href=\"https:\/\/www.kepfenyezo.hu\/blog\/wp-content\/uploads\/2009\/09\/ballerina-portrait-20.jpg\"><img data-attachment-id=\"1619\" data-orig-file=\"https:\/\/www.kepfenyezo.hu\/blog\/wp-content\/uploads\/2009\/09\/ballerina-portrait-20.jpg\" data-orig-size=\"319,480\" data-comments-opened=\"1\" data-image-meta=\"{&quot;aperture&quot;:&quot;0&quot;,&quot;credit&quot;:&quot;&quot;,&quot;camera&quot;:&quot;&quot;,&quot;caption&quot;:&quot;&quot;,&quot;created_timestamp&quot;:&quot;0&quot;,&quot;copyright&quot;:&quot;&quot;,&quot;focal_length&quot;:&quot;0&quot;,&quot;iso&quot;:&quot;0&quot;,&quot;shutter_speed&quot;:&quot;0&quot;,&quot;title&quot;:&quot;&quot;}\" data-image-title=\"ballerina-portrait-20\" data-image-description=\"\" data-medium-file=\"https:\/\/www.kepfenyezo.hu\/blog\/wp-content\/uploads\/2009\/09\/ballerina-portrait-20-199x300.jpg\" data-large-file=\"https:\/\/www.kepfenyezo.hu\/blog\/wp-content\/uploads\/2009\/09\/ballerina-portrait-20.jpg\" src=\"https:\/\/www.kepfenyezo.hu\/blog\/wp-content\/uploads\/2009\/09\/ballerina-portrait-20-184x276.jpg\" width=\"184\" height=\"276\" align=\"left\" title=\"ballerina-portrait-20\" \/><\/a><\/div><\/div><div class=\"gallery-group images-1\" style=\"width: 188px; height: 280px;\"><div class=\"tiled-gallery-item tiled-gallery-item-small\"><a href=\"https:\/\/www.kepfenyezo.hu\/blog\/wp-content\/uploads\/2009\/09\/ballerina-portrait-21.jpg\"><img data-attachment-id=\"1620\" data-orig-file=\"https:\/\/www.kepfenyezo.hu\/blog\/wp-content\/uploads\/2009\/09\/ballerina-portrait-21.jpg\" data-orig-size=\"319,480\" data-comments-opened=\"1\" data-image-meta=\"{&quot;aperture&quot;:&quot;0&quot;,&quot;credit&quot;:&quot;&quot;,&quot;camera&quot;:&quot;&quot;,&quot;caption&quot;:&quot;&quot;,&quot;created_timestamp&quot;:&quot;0&quot;,&quot;copyright&quot;:&quot;&quot;,&quot;focal_length&quot;:&quot;0&quot;,&quot;iso&quot;:&quot;0&quot;,&quot;shutter_speed&quot;:&quot;0&quot;,&quot;title&quot;:&quot;&quot;}\" data-image-title=\"ballerina-portrait-21\" data-image-description=\"\" data-medium-file=\"https:\/\/www.kepfenyezo.hu\/blog\/wp-content\/uploads\/2009\/09\/ballerina-portrait-21-199x300.jpg\" data-large-file=\"https:\/\/www.kepfenyezo.hu\/blog\/wp-content\/uploads\/2009\/09\/ballerina-portrait-21.jpg\" src=\"https:\/\/www.kepfenyezo.hu\/blog\/wp-content\/uploads\/2009\/09\/ballerina-portrait-21-184x276.jpg\" width=\"184\" height=\"276\" align=\"left\" title=\"ballerina-portrait-21\" \/><\/a><\/div><\/div><div class=\"gallery-group images-1\" style=\"width: 188px; height: 280px;\"><div class=\"tiled-gallery-item tiled-gallery-item-small\"><a href=\"https:\/\/www.kepfenyezo.hu\/blog\/wp-content\/uploads\/2009\/09\/ballerina-portrait-22.jpg\"><img data-attachment-id=\"1621\" data-orig-file=\"https:\/\/www.kepfenyezo.hu\/blog\/wp-content\/uploads\/2009\/09\/ballerina-portrait-22.jpg\" data-orig-size=\"320,480\" data-comments-opened=\"1\" data-image-meta=\"{&quot;aperture&quot;:&quot;0&quot;,&quot;credit&quot;:&quot;&quot;,&quot;camera&quot;:&quot;&quot;,&quot;caption&quot;:&quot;&quot;,&quot;created_timestamp&quot;:&quot;0&quot;,&quot;copyright&quot;:&quot;&quot;,&quot;focal_length&quot;:&quot;0&quot;,&quot;iso&quot;:&quot;0&quot;,&quot;shutter_speed&quot;:&quot;0&quot;,&quot;title&quot;:&quot;&quot;}\" data-image-title=\"ballerina-portrait-22\" data-image-description=\"\" data-medium-file=\"https:\/\/www.kepfenyezo.hu\/blog\/wp-content\/uploads\/2009\/09\/ballerina-portrait-22-200x300.jpg\" data-large-file=\"https:\/\/www.kepfenyezo.hu\/blog\/wp-content\/uploads\/2009\/09\/ballerina-portrait-22.jpg\" src=\"https:\/\/www.kepfenyezo.hu\/blog\/wp-content\/uploads\/2009\/09\/ballerina-portrait-22-184x276.jpg\" width=\"184\" height=\"276\" align=\"left\" title=\"ballerina-portrait-22\" \/><\/a><\/div><\/div><div class=\"gallery-group images-1\" style=\"width: 187px; height: 280px;\"><div class=\"tiled-gallery-item tiled-gallery-item-small\"><a href=\"https:\/\/www.kepfenyezo.hu\/blog\/wp-content\/uploads\/2009\/09\/ballerina-portrait-23.jpg\"><img data-attachment-id=\"1622\" data-orig-file=\"https:\/\/www.kepfenyezo.hu\/blog\/wp-content\/uploads\/2009\/09\/ballerina-portrait-23.jpg\" data-orig-size=\"319,480\" data-comments-opened=\"1\" data-image-meta=\"{&quot;aperture&quot;:&quot;0&quot;,&quot;credit&quot;:&quot;&quot;,&quot;camera&quot;:&quot;&quot;,&quot;caption&quot;:&quot;&quot;,&quot;created_timestamp&quot;:&quot;0&quot;,&quot;copyright&quot;:&quot;&quot;,&quot;focal_length&quot;:&quot;0&quot;,&quot;iso&quot;:&quot;0&quot;,&quot;shutter_speed&quot;:&quot;0&quot;,&quot;title&quot;:&quot;&quot;}\" data-image-title=\"ballerina-portrait-23\" data-image-description=\"\" data-medium-file=\"https:\/\/www.kepfenyezo.hu\/blog\/wp-content\/uploads\/2009\/09\/ballerina-portrait-23-199x300.jpg\" data-large-file=\"https:\/\/www.kepfenyezo.hu\/blog\/wp-content\/uploads\/2009\/09\/ballerina-portrait-23.jpg\" src=\"https:\/\/www.kepfenyezo.hu\/blog\/wp-content\/uploads\/2009\/09\/ballerina-portrait-23-183x276.jpg\" width=\"183\" height=\"276\" align=\"left\" title=\"ballerina-portrait-23\" \/><\/a><\/div><\/div><\/div><div class=\"gallery-row\" style=\"width: 751px; height: 342px;\"><div class=\"gallery-group images-1\" style=\"width: 519px; height: 346px;\"><div class=\"tiled-gallery-item tiled-gallery-item-large\"><a href=\"https:\/\/www.kepfenyezo.hu\/blog\/wp-content\/uploads\/2009\/09\/ballerina-portrait-24.jpg\"><img data-attachment-id=\"1623\" data-orig-file=\"https:\/\/www.kepfenyezo.hu\/blog\/wp-content\/uploads\/2009\/09\/ballerina-portrait-24.jpg\" data-orig-size=\"640,425\" data-comments-opened=\"1\" data-image-meta=\"{&quot;aperture&quot;:&quot;0&quot;,&quot;credit&quot;:&quot;&quot;,&quot;camera&quot;:&quot;&quot;,&quot;caption&quot;:&quot;&quot;,&quot;created_timestamp&quot;:&quot;0&quot;,&quot;copyright&quot;:&quot;&quot;,&quot;focal_length&quot;:&quot;0&quot;,&quot;iso&quot;:&quot;0&quot;,&quot;shutter_speed&quot;:&quot;0&quot;,&quot;title&quot;:&quot;&quot;}\" data-image-title=\"ballerina-portrait-24\" data-image-description=\"\" data-medium-file=\"https:\/\/www.kepfenyezo.hu\/blog\/wp-content\/uploads\/2009\/09\/ballerina-portrait-24-400x265.jpg\" data-large-file=\"https:\/\/www.kepfenyezo.hu\/blog\/wp-content\/uploads\/2009\/09\/ballerina-portrait-24.jpg\" src=\"https:\/\/www.kepfenyezo.hu\/blog\/wp-content\/uploads\/2009\/09\/ballerina-portrait-24-515x342.jpg\" width=\"515\" height=\"342\" align=\"left\" title=\"ballerina-portrait-24\" \/><\/a><\/div><\/div><div class=\"gallery-group images-1\" style=\"width: 232px; height: 346px;\"><div class=\"tiled-gallery-item tiled-gallery-item-small\"><a href=\"https:\/\/www.kepfenyezo.hu\/blog\/wp-content\/uploads\/2009\/09\/ballerina-portrait-25.jpg\"><img data-attachment-id=\"1624\" data-orig-file=\"https:\/\/www.kepfenyezo.hu\/blog\/wp-content\/uploads\/2009\/09\/ballerina-portrait-25.jpg\" data-orig-size=\"319,480\" data-comments-opened=\"1\" data-image-meta=\"{&quot;aperture&quot;:&quot;0&quot;,&quot;credit&quot;:&quot;&quot;,&quot;camera&quot;:&quot;&quot;,&quot;caption&quot;:&quot;&quot;,&quot;created_timestamp&quot;:&quot;0&quot;,&quot;copyright&quot;:&quot;&quot;,&quot;focal_length&quot;:&quot;0&quot;,&quot;iso&quot;:&quot;0&quot;,&quot;shutter_speed&quot;:&quot;0&quot;,&quot;title&quot;:&quot;&quot;}\" data-image-title=\"ballerina-portrait-25\" data-image-description=\"\" data-medium-file=\"https:\/\/www.kepfenyezo.hu\/blog\/wp-content\/uploads\/2009\/09\/ballerina-portrait-25-199x300.jpg\" data-large-file=\"https:\/\/www.kepfenyezo.hu\/blog\/wp-content\/uploads\/2009\/09\/ballerina-portrait-25.jpg\" src=\"https:\/\/www.kepfenyezo.hu\/blog\/wp-content\/uploads\/2009\/09\/ballerina-portrait-25-228x342.jpg\" width=\"228\" height=\"342\" align=\"left\" title=\"ballerina-portrait-25\" \/><\/a><\/div><\/div><\/div><div class=\"gallery-row\" style=\"width: 751px; height: 210px;\"><div class=\"gallery-group images-1\" style=\"width: 144px; height: 214px;\"><div class=\"tiled-gallery-item tiled-gallery-item-small\"><a href=\"https:\/\/www.kepfenyezo.hu\/blog\/wp-content\/uploads\/2009\/09\/ballerina-portrait-26.jpg\"><img data-attachment-id=\"1625\" data-orig-file=\"https:\/\/www.kepfenyezo.hu\/blog\/wp-content\/uploads\/2009\/09\/ballerina-portrait-26.jpg\" data-orig-size=\"319,480\" data-comments-opened=\"1\" data-image-meta=\"{&quot;aperture&quot;:&quot;0&quot;,&quot;credit&quot;:&quot;&quot;,&quot;camera&quot;:&quot;&quot;,&quot;caption&quot;:&quot;&quot;,&quot;created_timestamp&quot;:&quot;0&quot;,&quot;copyright&quot;:&quot;&quot;,&quot;focal_length&quot;:&quot;0&quot;,&quot;iso&quot;:&quot;0&quot;,&quot;shutter_speed&quot;:&quot;0&quot;,&quot;title&quot;:&quot;&quot;}\" data-image-title=\"ballerina-portrait-26\" data-image-description=\"\" data-medium-file=\"https:\/\/www.kepfenyezo.hu\/blog\/wp-content\/uploads\/2009\/09\/ballerina-portrait-26-199x300.jpg\" data-large-file=\"https:\/\/www.kepfenyezo.hu\/blog\/wp-content\/uploads\/2009\/09\/ballerina-portrait-26.jpg\" src=\"https:\/\/www.kepfenyezo.hu\/blog\/wp-content\/uploads\/2009\/09\/ballerina-portrait-26-140x210.jpg\" width=\"140\" height=\"210\" align=\"left\" title=\"ballerina-portrait-26\" \/><\/a><\/div><\/div><div class=\"gallery-group images-1\" style=\"width: 144px; height: 214px;\"><div class=\"tiled-gallery-item tiled-gallery-item-small\"><a href=\"https:\/\/www.kepfenyezo.hu\/blog\/wp-content\/uploads\/2009\/09\/ballerina-portrait-27.jpg\"><img data-attachment-id=\"1626\" data-orig-file=\"https:\/\/www.kepfenyezo.hu\/blog\/wp-content\/uploads\/2009\/09\/ballerina-portrait-27.jpg\" data-orig-size=\"319,480\" data-comments-opened=\"1\" data-image-meta=\"{&quot;aperture&quot;:&quot;0&quot;,&quot;credit&quot;:&quot;&quot;,&quot;camera&quot;:&quot;&quot;,&quot;caption&quot;:&quot;&quot;,&quot;created_timestamp&quot;:&quot;0&quot;,&quot;copyright&quot;:&quot;&quot;,&quot;focal_length&quot;:&quot;0&quot;,&quot;iso&quot;:&quot;0&quot;,&quot;shutter_speed&quot;:&quot;0&quot;,&quot;title&quot;:&quot;&quot;}\" data-image-title=\"ballerina-portrait-27\" data-image-description=\"\" data-medium-file=\"https:\/\/www.kepfenyezo.hu\/blog\/wp-content\/uploads\/2009\/09\/ballerina-portrait-27-199x300.jpg\" data-large-file=\"https:\/\/www.kepfenyezo.hu\/blog\/wp-content\/uploads\/2009\/09\/ballerina-portrait-27.jpg\" src=\"https:\/\/www.kepfenyezo.hu\/blog\/wp-content\/uploads\/2009\/09\/ballerina-portrait-27-140x210.jpg\" width=\"140\" height=\"210\" align=\"left\" title=\"ballerina-portrait-27\" \/><\/a><\/div><\/div><div class=\"gallery-group images-1\" style=\"width: 320px; height: 214px;\"><div class=\"tiled-gallery-item tiled-gallery-item-large\"><a href=\"https:\/\/www.kepfenyezo.hu\/blog\/wp-content\/uploads\/2009\/09\/ballerina-portrait-28.jpg\"><img data-attachment-id=\"1627\" data-orig-file=\"https:\/\/www.kepfenyezo.hu\/blog\/wp-content\/uploads\/2009\/09\/ballerina-portrait-28.jpg\" data-orig-size=\"640,425\" data-comments-opened=\"1\" data-image-meta=\"{&quot;aperture&quot;:&quot;0&quot;,&quot;credit&quot;:&quot;&quot;,&quot;camera&quot;:&quot;&quot;,&quot;caption&quot;:&quot;&quot;,&quot;created_timestamp&quot;:&quot;0&quot;,&quot;copyright&quot;:&quot;&quot;,&quot;focal_length&quot;:&quot;0&quot;,&quot;iso&quot;:&quot;0&quot;,&quot;shutter_speed&quot;:&quot;0&quot;,&quot;title&quot;:&quot;&quot;}\" data-image-title=\"ballerina-portrait-28\" data-image-description=\"\" data-medium-file=\"https:\/\/www.kepfenyezo.hu\/blog\/wp-content\/uploads\/2009\/09\/ballerina-portrait-28-400x265.jpg\" data-large-file=\"https:\/\/www.kepfenyezo.hu\/blog\/wp-content\/uploads\/2009\/09\/ballerina-portrait-28.jpg\" src=\"https:\/\/www.kepfenyezo.hu\/blog\/wp-content\/uploads\/2009\/09\/ballerina-portrait-28-316x210.jpg\" width=\"316\" height=\"210\" align=\"left\" title=\"ballerina-portrait-28\" \/><\/a><\/div><\/div><div class=\"gallery-group images-1\" style=\"width: 143px; height: 214px;\"><div class=\"tiled-gallery-item tiled-gallery-item-small\"><a href=\"https:\/\/www.kepfenyezo.hu\/blog\/wp-content\/uploads\/2009\/09\/ballerina-portrait-29.jpg\"><img data-attachment-id=\"1628\" data-orig-file=\"https:\/\/www.kepfenyezo.hu\/blog\/wp-content\/uploads\/2009\/09\/ballerina-portrait-29.jpg\" data-orig-size=\"319,480\" data-comments-opened=\"1\" data-image-meta=\"{&quot;aperture&quot;:&quot;0&quot;,&quot;credit&quot;:&quot;&quot;,&quot;camera&quot;:&quot;&quot;,&quot;caption&quot;:&quot;&quot;,&quot;created_timestamp&quot;:&quot;0&quot;,&quot;copyright&quot;:&quot;&quot;,&quot;focal_length&quot;:&quot;0&quot;,&quot;iso&quot;:&quot;0&quot;,&quot;shutter_speed&quot;:&quot;0&quot;,&quot;title&quot;:&quot;&quot;}\" data-image-title=\"ballerina-portrait-29\" data-image-description=\"\" data-medium-file=\"https:\/\/www.kepfenyezo.hu\/blog\/wp-content\/uploads\/2009\/09\/ballerina-portrait-29-199x300.jpg\" data-large-file=\"https:\/\/www.kepfenyezo.hu\/blog\/wp-content\/uploads\/2009\/09\/ballerina-portrait-29.jpg\" src=\"https:\/\/www.kepfenyezo.hu\/blog\/wp-content\/uploads\/2009\/09\/ballerina-portrait-29-139x210.jpg\" width=\"139\" height=\"210\" align=\"left\" title=\"ballerina-portrait-29\" \/><\/a><\/div><\/div><\/div><div class=\"gallery-row\" style=\"width: 751px; height: 560px;\"><div class=\"gallery-group images-1\" style=\"width: 376px; height: 564px;\"><div class=\"tiled-gallery-item tiled-gallery-item-large\"><a href=\"https:\/\/www.kepfenyezo.hu\/blog\/wp-content\/uploads\/2009\/09\/ballerina-portrait-30.jpg\"><img data-attachment-id=\"1629\" data-orig-file=\"https:\/\/www.kepfenyezo.hu\/blog\/wp-content\/uploads\/2009\/09\/ballerina-portrait-30.jpg\" data-orig-size=\"319,480\" data-comments-opened=\"1\" data-image-meta=\"{&quot;aperture&quot;:&quot;0&quot;,&quot;credit&quot;:&quot;&quot;,&quot;camera&quot;:&quot;&quot;,&quot;caption&quot;:&quot;&quot;,&quot;created_timestamp&quot;:&quot;0&quot;,&quot;copyright&quot;:&quot;&quot;,&quot;focal_length&quot;:&quot;0&quot;,&quot;iso&quot;:&quot;0&quot;,&quot;shutter_speed&quot;:&quot;0&quot;,&quot;title&quot;:&quot;&quot;}\" data-image-title=\"ballerina-portrait-30\" data-image-description=\"\" data-medium-file=\"https:\/\/www.kepfenyezo.hu\/blog\/wp-content\/uploads\/2009\/09\/ballerina-portrait-30-199x300.jpg\" data-large-file=\"https:\/\/www.kepfenyezo.hu\/blog\/wp-content\/uploads\/2009\/09\/ballerina-portrait-30.jpg\" src=\"https:\/\/www.kepfenyezo.hu\/blog\/wp-content\/uploads\/2009\/09\/ballerina-portrait-30.jpg\" width=\"372\" height=\"560\" align=\"left\" title=\"ballerina-portrait-30\" \/><\/a><\/div><\/div><div class=\"gallery-group images-1\" style=\"width: 375px; height: 564px;\"><div class=\"tiled-gallery-item tiled-gallery-item-large\"><a href=\"https:\/\/www.kepfenyezo.hu\/blog\/wp-content\/uploads\/2009\/09\/ballerina-portrait-06-199x3001.jpg\"><img data-attachment-id=\"7964\" data-orig-file=\"https:\/\/www.kepfenyezo.hu\/blog\/wp-content\/uploads\/2009\/09\/ballerina-portrait-06-199x3001.jpg\" data-orig-size=\"199,300\" data-comments-opened=\"0\" data-image-meta=\"{&quot;aperture&quot;:&quot;0&quot;,&quot;credit&quot;:&quot;&quot;,&quot;camera&quot;:&quot;&quot;,&quot;caption&quot;:&quot;&quot;,&quot;created_timestamp&quot;:&quot;0&quot;,&quot;copyright&quot;:&quot;&quot;,&quot;focal_length&quot;:&quot;0&quot;,&quot;iso&quot;:&quot;0&quot;,&quot;shutter_speed&quot;:&quot;0&quot;,&quot;title&quot;:&quot;&quot;}\" data-image-title=\"Zemanta Related Posts Thumbnail\" data-image-description=\"\" data-medium-file=\"https:\/\/www.kepfenyezo.hu\/blog\/wp-content\/uploads\/2009\/09\/ballerina-portrait-06-199x3001.jpg\" data-large-file=\"https:\/\/www.kepfenyezo.hu\/blog\/wp-content\/uploads\/2009\/09\/ballerina-portrait-06-199x3001.jpg\" src=\"https:\/\/www.kepfenyezo.hu\/blog\/wp-content\/uploads\/2009\/09\/ballerina-portrait-06-199x3001.jpg\" width=\"371\" height=\"560\" align=\"left\" title=\"Zemanta Related Posts Thumbnail\" \/><\/a><\/div><\/div><\/div><\/div>\n","protected":false},"excerpt":{"rendered":"<p>B\u0151 egy \u00e9vvel ezel\u0151tt szerepelt m\u00e1r itt, a K\u00e9pf\u00e9nyez\u0151 blogon egy bejegyz\u00e9s, valamint egy csokor f\u00e9nyk\u00e9p &#8211; egy balerina fot\u00f3i voltak, a M\u0171v\u00e9szetek Palot\u00e1j\u00e1b\u00f3l, illetve a Budai V\u00e1rb\u00f3l. Az\u00f3ta eltelt egy \u00e9v, de ez a kedves katal\u00e1n l\u00e1ny m\u00e9g mindig Budapesten volt, r\u00e1ad\u00e1sul a tavalyik k\u00e9peket mindketten szerett\u00fck &#8211; nekem pedig lett egy-k\u00e9t \u00faj \u00f6tletem, [&hellip;]<\/p>\n","protected":false},"author":13,"featured_media":0,"comment_status":"open","ping_status":"closed","sticky":false,"template":"","format":"standard","meta":{"_links_to":"","_links_to_target":""},"categories":[57],"tags":[127,56,85,126,466,467],"_links":{"self":[{"href":"https:\/\/www.kepfenyezo.hu\/blog\/wp-json\/wp\/v2\/posts\/1599"}],"collection":[{"href":"https:\/\/www.kepfenyezo.hu\/blog\/wp-json\/wp\/v2\/posts"}],"about":[{"href":"https:\/\/www.kepfenyezo.hu\/blog\/wp-json\/wp\/v2\/types\/post"}],"author":[{"embeddable":true,"href":"https:\/\/www.kepfenyezo.hu\/blog\/wp-json\/wp\/v2\/users\/13"}],"replies":[{"embeddable":true,"href":"https:\/\/www.kepfenyezo.hu\/blog\/wp-json\/wp\/v2\/comments?post=1599"}],"version-history":[{"count":21,"href":"https:\/\/www.kepfenyezo.hu\/blog\/wp-json\/wp\/v2\/posts\/1599\/revisions"}],"predecessor-version":[{"id":2368,"href":"https:\/\/www.kepfenyezo.hu\/blog\/wp-json\/wp\/v2\/posts\/1599\/revisions\/2368"}],"wp:attachment":[{"href":"https:\/\/www.kepfenyezo.hu\/blog\/wp-json\/wp\/v2\/media?parent=1599"}],"wp:term":[{"taxonomy":"category","embeddable":true,"href":"https:\/\/www.kepfenyezo.hu\/blog\/wp-json\/wp\/v2\/categories?post=1599"},{"taxonomy":"post_tag","embeddable":true,"href":"https:\/\/www.kepfenyezo.hu\/blog\/wp-json\/wp\/v2\/tags?post=1599"}],"curies":[{"name":"wp","href":"https:\/\/api.w.org\/{rel}","templated":true}]}}