{"id":1650,"date":"2009-09-09T17:16:38","date_gmt":"2009-09-09T16:16:38","guid":{"rendered":"http:\/\/www.blog.kepfenyezo.hu\/?p=1650"},"modified":"2010-03-25T12:09:22","modified_gmt":"2010-03-25T11:09:22","slug":"valladolid","status":"publish","type":"post","link":"https:\/\/www.kepfenyezo.hu\/blog\/utazas\/valladolid\/","title":{"rendered":"Valladolid"},"content":{"rendered":"<p><img loading=\"lazy\" class=\"aligncenter size-medium wp-image-1678\" title=\"valladolid-02\" src=\"https:\/\/www.kepfenyezo.hu\/blog\/wp-content\/uploads\/2009\/09\/valladolid-02-400x265.jpg\" alt=\"valladolid-02\" width=\"400\" height=\"265\" srcset=\"https:\/\/www.kepfenyezo.hu\/blog\/wp-content\/uploads\/2009\/09\/valladolid-02-400x265.jpg 400w, https:\/\/www.kepfenyezo.hu\/blog\/wp-content\/uploads\/2009\/09\/valladolid-02.jpg 640w\" sizes=\"(max-width: 400px) 100vw, 400px\" \/><\/p>\n<p>A ny\u00e1ron egy konferenci\u00e1n j\u00e1rtam Valladolidban, ebben a sz\u00e9ps\u00e9ges spanyol (kis)v\u00e1rosban. Madridt\u00f3l b\u0151 k\u00e9t \u00f3ra busszal, vonattal kicsit kevesebb &#8211; ha nincs \u00e9ppen vasutassztr\u00e1jk. :)<\/p>\n<p><img class=\"alignright size-medium wp-image-1700\" style=\"margin: 3px;\" title=\"valladolid-24\" src=\"https:\/\/www.kepfenyezo.hu\/blog\/wp-content\/uploads\/2009\/09\/valladolid-24-400x265.jpg\" alt=\"valladolid-24\" width=\"200\" srcset=\"https:\/\/www.kepfenyezo.hu\/blog\/wp-content\/uploads\/2009\/09\/valladolid-24-400x265.jpg 400w, https:\/\/www.kepfenyezo.hu\/blog\/wp-content\/uploads\/2009\/09\/valladolid-24.jpg 640w\" sizes=\"(max-width: 400px) 100vw, 400px\" \/>El\u0151sz\u00f6r j\u00e1rtam Spanyolorsz\u00e1gban, de rem\u00e9lhet\u0151leg nem utolj\u00e1ra &#8211; Valladolidot nem jegyzik a legnevesebb turistac\u00e9lpontok k\u00f6z\u00f6tt, de ha a t\u00f6bbi v\u00e1rosuk &#8220;csak&#8221; ennyire vonz\u00f3 hely, m\u00e1r \u00e9rdemes k\u00f6rben\u00e9zni&#8230;<br \/>\nEls\u0151sorban a hangulat teszi k\u00fcl\u00f6nlegess\u00e9, azt hiszem. P\u00e9ld\u00e1ul este 10-kor az eg\u00e9sz v\u00e1ros apraja-nagyja kint van a sok s\u00e9t\u00e1l\u00f3utc\u00e1n, a v\u00e1ros sz\u00edv\u00e9nek sz\u00e1m\u00edt\u00f3 Plaza Mayor-on vagy k\u00f6rny\u00e9k\u00e9n. \u00c9s j\u00f3kedv\u0171en, vid\u00e1mak, j\u00f3 k\u00f6z\u00f6tt\u00fck lenni &#8211; r\u00e1ad\u00e1sul a spanyol tal\u00e1n a legszebb nyelv, amit eddig hallottam, \u00e9rdemes nyitott f\u00fcllel s\u00e9t\u00e1lni az utc\u00e1n. :)<\/p>\n<p><img class=\"alignright size-medium wp-image-1688\" style=\"margin: 3px;\" title=\"valladolid-12\" src=\"https:\/\/www.kepfenyezo.hu\/blog\/wp-content\/uploads\/2009\/09\/valladolid-12-199x300.jpg\" alt=\"valladolid-12\" width=\"100\" srcset=\"https:\/\/www.kepfenyezo.hu\/blog\/wp-content\/uploads\/2009\/09\/valladolid-12-199x300.jpg 199w, https:\/\/www.kepfenyezo.hu\/blog\/wp-content\/uploads\/2009\/09\/valladolid-12.jpg 319w\" sizes=\"(max-width: 199px) 100vw, 199px\" \/>Megsz\u00e1ml\u00e1lhatatlan sok templom van mindenfel\u00e9, minden m\u00e1sodik sarkon biztosan &#8211; sok sz\u00e1z \u00e9ves, sok ezer f\u0151t befogad\u00f3 templomok ezek, impressz\u00edv l\u00e1tv\u00e1nyt ny\u00fajtanak&#8230; legk\u00fcl\u00f6nlegeseb k\u00f6zt\u00fck tal\u00e1n a valladolid-i katedr\u00e1lis: szemre \u00fagy t\u0171nik (\u00e9s az \u00fatik\u00f6nyv ezt igazolja is), hogy kb. 300 \u00e9ven kereszt\u00fcl folyamatosan \u00e9p\u00edthett\u00e9k. Hatalmas nagy, l\u00e1that\u00f3an sok k\u00fcl\u00f6nb\u00f6z\u0151 r\u00e9szb\u0151l \u00f6sszetoldozva &#8211; k\u00edv\u00fclr\u0151l m\u00e9g felt\u0171n\u0151bbek a v\u00f6r\u00f6st\u00e9gl\u00e1s betold\u00e1sok a feh\u00e9r m\u00e9szk\u0151ben, de bel\u00fclr\u0151l sem kifejezetten egys\u00e9ges st\u00edlus\u00fa \u00e9p\u00fclet. Szombaton pedig amerre s\u00e9t\u00e1ltam, az \u00f6sszes templomban folyton esk\u00fcv\u0151 volt, \u00e9n nem is \u00e9rtem, hogy&#8230; de lehet, hogy kik\u00f6lt\u00f6z\u00f6m, ez az esk\u00fcv\u0151fot\u00f3sok Mekk\u00e1ja kell legyen. :))<\/p>\n<p>Persze vittem f\u00e9nyk\u00e9pez\u0151g\u00e9pet is, n\u00e9h\u00e1ny fot\u00f3 \u00e9s r\u00f6vid kis vet\u00edt\u00e9s l\u00e1that\u00f3 most itt a K\u00e9pf\u00e9nyez\u0151 blogon:<\/p>\n<p style=\"text-align: center;\"><a title=\"Valladolid\" href=\"https:\/\/www.kepfenyezo.hu\/galleries\/2009\/valladolid\/\" target=\"_blank\"><img loading=\"lazy\" class=\"size-medium wp-image-1687 aligncenter\" style=\"margin-top: 30px; margin-bottom: 30px;\" title=\"valladolid-11\" src=\"https:\/\/www.kepfenyezo.hu\/blog\/wp-content\/uploads\/2009\/09\/valladolid-11-400x265.jpg\" alt=\"valladolid-11\" width=\"400\" height=\"265\" srcset=\"https:\/\/www.kepfenyezo.hu\/blog\/wp-content\/uploads\/2009\/09\/valladolid-11-400x265.jpg 400w, https:\/\/www.kepfenyezo.hu\/blog\/wp-content\/uploads\/2009\/09\/valladolid-11.jpg 640w\" sizes=\"(max-width: 400px) 100vw, 400px\" \/><\/a><div data-carousel-extra='{\"blog_id\":1,\"permalink\":\"https:\\\/\\\/www.kepfenyezo.hu\\\/blog\\\/utazas\\\/valladolid\\\/\"}' class=\"tiled-gallery type-rectangular\" data-original-width=\"756\"><div class=\"gallery-row\" style=\"width: 751px; height: 330px;\"><div class=\"gallery-group images-1\" style=\"width: 501px; height: 334px;\"><div class=\"tiled-gallery-item tiled-gallery-item-large\"><a href=\"https:\/\/www.kepfenyezo.hu\/blog\/wp-content\/uploads\/2009\/09\/valladolid-01.jpg\"><img data-attachment-id=\"1677\" data-orig-file=\"https:\/\/www.kepfenyezo.hu\/blog\/wp-content\/uploads\/2009\/09\/valladolid-01.jpg\" data-orig-size=\"640,425\" data-comments-opened=\"1\" data-image-meta=\"{&quot;aperture&quot;:&quot;4&quot;,&quot;credit&quot;:&quot;Mitcsenkov Attila&quot;,&quot;camera&quot;:&quot;NIKON D300&quot;,&quot;caption&quot;:&quot;&quot;,&quot;created_timestamp&quot;:&quot;1244577042&quot;,&quot;copyright&quot;:&quot;(C) Mitcsenkov Attila (www.kepfenyezo.hu)&quot;,&quot;focal_length&quot;:&quot;35&quot;,&quot;iso&quot;:&quot;280&quot;,&quot;shutter_speed&quot;:&quot;0.0166666666667&quot;,&quot;title&quot;:&quot;&quot;}\" data-image-title=\"valladolid-01\" data-image-description=\"\" data-medium-file=\"https:\/\/www.kepfenyezo.hu\/blog\/wp-content\/uploads\/2009\/09\/valladolid-01-400x265.jpg\" data-large-file=\"https:\/\/www.kepfenyezo.hu\/blog\/wp-content\/uploads\/2009\/09\/valladolid-01.jpg\" src=\"https:\/\/www.kepfenyezo.hu\/blog\/wp-content\/uploads\/2009\/09\/valladolid-01-497x330.jpg\" width=\"497\" height=\"330\" align=\"left\" title=\"valladolid-01\" \/><\/a><\/div><\/div><div class=\"gallery-group images-2\" style=\"width: 250px; height: 334px;\"><div class=\"tiled-gallery-item tiled-gallery-item-small\"><a href=\"https:\/\/www.kepfenyezo.hu\/blog\/wp-content\/uploads\/2009\/09\/valladolid-02.jpg\"><img data-attachment-id=\"1678\" data-orig-file=\"https:\/\/www.kepfenyezo.hu\/blog\/wp-content\/uploads\/2009\/09\/valladolid-02.jpg\" data-orig-size=\"640,425\" data-comments-opened=\"1\" data-image-meta=\"{&quot;aperture&quot;:&quot;2.8&quot;,&quot;credit&quot;:&quot;Mitcsenkov Attila&quot;,&quot;camera&quot;:&quot;NIKON D300&quot;,&quot;caption&quot;:&quot;&quot;,&quot;created_timestamp&quot;:&quot;1244577406&quot;,&quot;copyright&quot;:&quot;(C) Mitcsenkov Attila (www.kepfenyezo.hu)&quot;,&quot;focal_length&quot;:&quot;35&quot;,&quot;iso&quot;:&quot;320&quot;,&quot;shutter_speed&quot;:&quot;0.0166666666667&quot;,&quot;title&quot;:&quot;&quot;}\" data-image-title=\"valladolid-02\" data-image-description=\"\" data-medium-file=\"https:\/\/www.kepfenyezo.hu\/blog\/wp-content\/uploads\/2009\/09\/valladolid-02-400x265.jpg\" data-large-file=\"https:\/\/www.kepfenyezo.hu\/blog\/wp-content\/uploads\/2009\/09\/valladolid-02.jpg\" src=\"https:\/\/www.kepfenyezo.hu\/blog\/wp-content\/uploads\/2009\/09\/valladolid-02-246x163.jpg\" width=\"246\" height=\"163\" align=\"left\" title=\"valladolid-02\" \/><\/a><\/div><div class=\"tiled-gallery-item tiled-gallery-item-small\"><a href=\"https:\/\/www.kepfenyezo.hu\/blog\/wp-content\/uploads\/2009\/09\/valladolid-03.jpg\"><img data-attachment-id=\"1679\" data-orig-file=\"https:\/\/www.kepfenyezo.hu\/blog\/wp-content\/uploads\/2009\/09\/valladolid-03.jpg\" data-orig-size=\"640,425\" data-comments-opened=\"1\" data-image-meta=\"{&quot;aperture&quot;:&quot;2&quot;,&quot;credit&quot;:&quot;Mitcsenkov Attila&quot;,&quot;camera&quot;:&quot;NIKON D300&quot;,&quot;caption&quot;:&quot;&quot;,&quot;created_timestamp&quot;:&quot;1244577962&quot;,&quot;copyright&quot;:&quot;(C) Mitcsenkov Attila (www.kepfenyezo.hu)&quot;,&quot;focal_length&quot;:&quot;35&quot;,&quot;iso&quot;:&quot;200&quot;,&quot;shutter_speed&quot;:&quot;0.0111111111111&quot;,&quot;title&quot;:&quot;&quot;}\" data-image-title=\"valladolid-03\" data-image-description=\"\" data-medium-file=\"https:\/\/www.kepfenyezo.hu\/blog\/wp-content\/uploads\/2009\/09\/valladolid-03-400x265.jpg\" data-large-file=\"https:\/\/www.kepfenyezo.hu\/blog\/wp-content\/uploads\/2009\/09\/valladolid-03.jpg\" src=\"https:\/\/www.kepfenyezo.hu\/blog\/wp-content\/uploads\/2009\/09\/valladolid-03-246x163.jpg\" width=\"246\" height=\"163\" align=\"left\" title=\"valladolid-03\" \/><\/a><\/div><\/div><\/div><div class=\"gallery-row\" style=\"width: 751px; height: 276px;\"><div class=\"gallery-group images-1\" style=\"width: 188px; height: 280px;\"><div class=\"tiled-gallery-item tiled-gallery-item-small\"><a href=\"https:\/\/www.kepfenyezo.hu\/blog\/wp-content\/uploads\/2009\/09\/valladolid-04.jpg\"><img data-attachment-id=\"1680\" data-orig-file=\"https:\/\/www.kepfenyezo.hu\/blog\/wp-content\/uploads\/2009\/09\/valladolid-04.jpg\" data-orig-size=\"319,480\" data-comments-opened=\"1\" data-image-meta=\"{&quot;aperture&quot;:&quot;2&quot;,&quot;credit&quot;:&quot;Mitcsenkov Attila&quot;,&quot;camera&quot;:&quot;NIKON D300&quot;,&quot;caption&quot;:&quot;&quot;,&quot;created_timestamp&quot;:&quot;1244577724&quot;,&quot;copyright&quot;:&quot;(C) Mitcsenkov Attila (www.kepfenyezo.hu)&quot;,&quot;focal_length&quot;:&quot;35&quot;,&quot;iso&quot;:&quot;200&quot;,&quot;shutter_speed&quot;:&quot;0.0166666666667&quot;,&quot;title&quot;:&quot;&quot;}\" data-image-title=\"valladolid-04\" data-image-description=\"\" data-medium-file=\"https:\/\/www.kepfenyezo.hu\/blog\/wp-content\/uploads\/2009\/09\/valladolid-04-199x300.jpg\" data-large-file=\"https:\/\/www.kepfenyezo.hu\/blog\/wp-content\/uploads\/2009\/09\/valladolid-04.jpg\" src=\"https:\/\/www.kepfenyezo.hu\/blog\/wp-content\/uploads\/2009\/09\/valladolid-04-184x276.jpg\" width=\"184\" height=\"276\" align=\"left\" title=\"valladolid-04\" \/><\/a><\/div><\/div><div class=\"gallery-group images-1\" style=\"width: 188px; height: 280px;\"><div class=\"tiled-gallery-item tiled-gallery-item-small\"><a href=\"https:\/\/www.kepfenyezo.hu\/blog\/wp-content\/uploads\/2009\/09\/valladolid-05.jpg\"><img data-attachment-id=\"1681\" data-orig-file=\"https:\/\/www.kepfenyezo.hu\/blog\/wp-content\/uploads\/2009\/09\/valladolid-05.jpg\" data-orig-size=\"319,480\" data-comments-opened=\"1\" data-image-meta=\"{&quot;aperture&quot;:&quot;2.8&quot;,&quot;credit&quot;:&quot;Mitcsenkov Attila&quot;,&quot;camera&quot;:&quot;NIKON D300&quot;,&quot;caption&quot;:&quot;&quot;,&quot;created_timestamp&quot;:&quot;1244665400&quot;,&quot;copyright&quot;:&quot;(C) Mitcsenkov Attila (www.kepfenyezo.hu)&quot;,&quot;focal_length&quot;:&quot;105&quot;,&quot;iso&quot;:&quot;500&quot;,&quot;shutter_speed&quot;:&quot;0.008&quot;,&quot;title&quot;:&quot;&quot;}\" data-image-title=\"valladolid-05\" data-image-description=\"\" data-medium-file=\"https:\/\/www.kepfenyezo.hu\/blog\/wp-content\/uploads\/2009\/09\/valladolid-05-199x300.jpg\" data-large-file=\"https:\/\/www.kepfenyezo.hu\/blog\/wp-content\/uploads\/2009\/09\/valladolid-05.jpg\" src=\"https:\/\/www.kepfenyezo.hu\/blog\/wp-content\/uploads\/2009\/09\/valladolid-05-184x276.jpg\" width=\"184\" height=\"276\" align=\"left\" title=\"valladolid-05\" \/><\/a><\/div><\/div><div class=\"gallery-group images-1\" style=\"width: 188px; height: 280px;\"><div class=\"tiled-gallery-item tiled-gallery-item-small\"><a href=\"https:\/\/www.kepfenyezo.hu\/blog\/wp-content\/uploads\/2009\/09\/valladolid-06.jpg\"><img data-attachment-id=\"1682\" data-orig-file=\"https:\/\/www.kepfenyezo.hu\/blog\/wp-content\/uploads\/2009\/09\/valladolid-06.jpg\" data-orig-size=\"319,480\" data-comments-opened=\"1\" data-image-meta=\"{&quot;aperture&quot;:&quot;2.8&quot;,&quot;credit&quot;:&quot;Mitcsenkov Attila&quot;,&quot;camera&quot;:&quot;NIKON D300&quot;,&quot;caption&quot;:&quot;&quot;,&quot;created_timestamp&quot;:&quot;1244917116&quot;,&quot;copyright&quot;:&quot;(C) Mitcsenkov Attila (www.kepfenyezo.hu)&quot;,&quot;focal_length&quot;:&quot;35&quot;,&quot;iso&quot;:&quot;800&quot;,&quot;shutter_speed&quot;:&quot;0.05&quot;,&quot;title&quot;:&quot;&quot;}\" data-image-title=\"valladolid-06\" data-image-description=\"\" data-medium-file=\"https:\/\/www.kepfenyezo.hu\/blog\/wp-content\/uploads\/2009\/09\/valladolid-06-199x300.jpg\" data-large-file=\"https:\/\/www.kepfenyezo.hu\/blog\/wp-content\/uploads\/2009\/09\/valladolid-06.jpg\" src=\"https:\/\/www.kepfenyezo.hu\/blog\/wp-content\/uploads\/2009\/09\/valladolid-06-184x276.jpg\" width=\"184\" height=\"276\" align=\"left\" title=\"valladolid-06\" \/><\/a><\/div><\/div><div class=\"gallery-group images-1\" style=\"width: 187px; height: 280px;\"><div class=\"tiled-gallery-item tiled-gallery-item-small\"><a href=\"https:\/\/www.kepfenyezo.hu\/blog\/wp-content\/uploads\/2009\/09\/valladolid-07.jpg\"><img data-attachment-id=\"1683\" data-orig-file=\"https:\/\/www.kepfenyezo.hu\/blog\/wp-content\/uploads\/2009\/09\/valladolid-07.jpg\" data-orig-size=\"319,480\" data-comments-opened=\"1\" data-image-meta=\"{&quot;aperture&quot;:&quot;2.4&quot;,&quot;credit&quot;:&quot;Mitcsenkov Attila&quot;,&quot;camera&quot;:&quot;NIKON D300&quot;,&quot;caption&quot;:&quot;&quot;,&quot;created_timestamp&quot;:&quot;1244917383&quot;,&quot;copyright&quot;:&quot;(C) Mitcsenkov Attila (www.kepfenyezo.hu)&quot;,&quot;focal_length&quot;:&quot;35&quot;,&quot;iso&quot;:&quot;800&quot;,&quot;shutter_speed&quot;:&quot;0.05&quot;,&quot;title&quot;:&quot;&quot;}\" data-image-title=\"valladolid-07\" data-image-description=\"\" data-medium-file=\"https:\/\/www.kepfenyezo.hu\/blog\/wp-content\/uploads\/2009\/09\/valladolid-07-199x300.jpg\" data-large-file=\"https:\/\/www.kepfenyezo.hu\/blog\/wp-content\/uploads\/2009\/09\/valladolid-07.jpg\" src=\"https:\/\/www.kepfenyezo.hu\/blog\/wp-content\/uploads\/2009\/09\/valladolid-07-183x276.jpg\" width=\"183\" height=\"276\" align=\"left\" title=\"valladolid-07\" \/><\/a><\/div><\/div><\/div><div class=\"gallery-row\" style=\"width: 751px; height: 371px;\"><div class=\"gallery-group images-1\" style=\"width: 251px; height: 375px;\"><div class=\"tiled-gallery-item tiled-gallery-item-small\"><a href=\"https:\/\/www.kepfenyezo.hu\/blog\/wp-content\/uploads\/2009\/09\/valladolid-08.jpg\"><img data-attachment-id=\"1684\" data-orig-file=\"https:\/\/www.kepfenyezo.hu\/blog\/wp-content\/uploads\/2009\/09\/valladolid-08.jpg\" data-orig-size=\"319,480\" data-comments-opened=\"1\" data-image-meta=\"{&quot;aperture&quot;:&quot;2.4&quot;,&quot;credit&quot;:&quot;Mitcsenkov Attila&quot;,&quot;camera&quot;:&quot;NIKON D300&quot;,&quot;caption&quot;:&quot;&quot;,&quot;created_timestamp&quot;:&quot;1244917405&quot;,&quot;copyright&quot;:&quot;(C) Mitcsenkov Attila (www.kepfenyezo.hu)&quot;,&quot;focal_length&quot;:&quot;35&quot;,&quot;iso&quot;:&quot;800&quot;,&quot;shutter_speed&quot;:&quot;0.008&quot;,&quot;title&quot;:&quot;&quot;}\" data-image-title=\"valladolid-08\" data-image-description=\"\" data-medium-file=\"https:\/\/www.kepfenyezo.hu\/blog\/wp-content\/uploads\/2009\/09\/valladolid-08-199x300.jpg\" data-large-file=\"https:\/\/www.kepfenyezo.hu\/blog\/wp-content\/uploads\/2009\/09\/valladolid-08.jpg\" src=\"https:\/\/www.kepfenyezo.hu\/blog\/wp-content\/uploads\/2009\/09\/valladolid-08-247x371.jpg\" width=\"247\" height=\"371\" align=\"left\" title=\"valladolid-08\" \/><\/a><\/div><\/div><div class=\"gallery-group images-1\" style=\"width: 250px; height: 375px;\"><div class=\"tiled-gallery-item tiled-gallery-item-small\"><a href=\"https:\/\/www.kepfenyezo.hu\/blog\/wp-content\/uploads\/2009\/09\/valladolid-09.jpg\"><img data-attachment-id=\"1685\" data-orig-file=\"https:\/\/www.kepfenyezo.hu\/blog\/wp-content\/uploads\/2009\/09\/valladolid-09.jpg\" data-orig-size=\"319,480\" data-comments-opened=\"1\" data-image-meta=\"{&quot;aperture&quot;:&quot;2.8&quot;,&quot;credit&quot;:&quot;Mitcsenkov Attila&quot;,&quot;camera&quot;:&quot;NIKON D300&quot;,&quot;caption&quot;:&quot;&quot;,&quot;created_timestamp&quot;:&quot;1244917543&quot;,&quot;copyright&quot;:&quot;(C) Mitcsenkov Attila (www.kepfenyezo.hu)&quot;,&quot;focal_length&quot;:&quot;105&quot;,&quot;iso&quot;:&quot;1600&quot;,&quot;shutter_speed&quot;:&quot;0.0333333333333&quot;,&quot;title&quot;:&quot;&quot;}\" data-image-title=\"valladolid-09\" data-image-description=\"\" data-medium-file=\"https:\/\/www.kepfenyezo.hu\/blog\/wp-content\/uploads\/2009\/09\/valladolid-09-199x300.jpg\" data-large-file=\"https:\/\/www.kepfenyezo.hu\/blog\/wp-content\/uploads\/2009\/09\/valladolid-09.jpg\" src=\"https:\/\/www.kepfenyezo.hu\/blog\/wp-content\/uploads\/2009\/09\/valladolid-09-246x371.jpg\" width=\"246\" height=\"371\" align=\"left\" title=\"valladolid-09\" \/><\/a><\/div><\/div><div class=\"gallery-group images-1\" style=\"width: 250px; height: 375px;\"><div class=\"tiled-gallery-item tiled-gallery-item-small\"><a href=\"https:\/\/www.kepfenyezo.hu\/blog\/wp-content\/uploads\/2009\/09\/valladolid-10.jpg\"><img data-attachment-id=\"1686\" data-orig-file=\"https:\/\/www.kepfenyezo.hu\/blog\/wp-content\/uploads\/2009\/09\/valladolid-10.jpg\" data-orig-size=\"319,480\" data-comments-opened=\"1\" data-image-meta=\"{&quot;aperture&quot;:&quot;2.8&quot;,&quot;credit&quot;:&quot;Mitcsenkov Attila&quot;,&quot;camera&quot;:&quot;NIKON D300&quot;,&quot;caption&quot;:&quot;&quot;,&quot;created_timestamp&quot;:&quot;1244917704&quot;,&quot;copyright&quot;:&quot;(C) Mitcsenkov Attila (www.kepfenyezo.hu)&quot;,&quot;focal_length&quot;:&quot;105&quot;,&quot;iso&quot;:&quot;1600&quot;,&quot;shutter_speed&quot;:&quot;0.008&quot;,&quot;title&quot;:&quot;&quot;}\" data-image-title=\"valladolid-10\" data-image-description=\"\" data-medium-file=\"https:\/\/www.kepfenyezo.hu\/blog\/wp-content\/uploads\/2009\/09\/valladolid-10-199x300.jpg\" data-large-file=\"https:\/\/www.kepfenyezo.hu\/blog\/wp-content\/uploads\/2009\/09\/valladolid-10.jpg\" src=\"https:\/\/www.kepfenyezo.hu\/blog\/wp-content\/uploads\/2009\/09\/valladolid-10-246x371.jpg\" width=\"246\" height=\"371\" align=\"left\" title=\"valladolid-10\" \/><\/a><\/div><\/div><\/div><div class=\"gallery-row\" style=\"width: 751px; height: 210px;\"><div class=\"gallery-group images-1\" style=\"width: 320px; height: 214px;\"><div class=\"tiled-gallery-item tiled-gallery-item-large\"><a href=\"https:\/\/www.kepfenyezo.hu\/blog\/wp-content\/uploads\/2009\/09\/valladolid-11.jpg\"><img data-attachment-id=\"1687\" data-orig-file=\"https:\/\/www.kepfenyezo.hu\/blog\/wp-content\/uploads\/2009\/09\/valladolid-11.jpg\" data-orig-size=\"640,425\" data-comments-opened=\"1\" data-image-meta=\"{&quot;aperture&quot;:&quot;2.8&quot;,&quot;credit&quot;:&quot;Mitcsenkov Attila&quot;,&quot;camera&quot;:&quot;NIKON D300&quot;,&quot;caption&quot;:&quot;&quot;,&quot;created_timestamp&quot;:&quot;1244748749&quot;,&quot;copyright&quot;:&quot;(C) Mitcsenkov Attila (www.kepfenyezo.hu)&quot;,&quot;focal_length&quot;:&quot;105&quot;,&quot;iso&quot;:&quot;100&quot;,&quot;shutter_speed&quot;:&quot;0.000666666666667&quot;,&quot;title&quot;:&quot;&quot;}\" data-image-title=\"valladolid-11\" data-image-description=\"\" data-medium-file=\"https:\/\/www.kepfenyezo.hu\/blog\/wp-content\/uploads\/2009\/09\/valladolid-11-400x265.jpg\" data-large-file=\"https:\/\/www.kepfenyezo.hu\/blog\/wp-content\/uploads\/2009\/09\/valladolid-11.jpg\" src=\"https:\/\/www.kepfenyezo.hu\/blog\/wp-content\/uploads\/2009\/09\/valladolid-11-316x210.jpg\" width=\"316\" height=\"210\" align=\"left\" title=\"valladolid-11\" \/><\/a><\/div><\/div><div class=\"gallery-group images-1\" style=\"width: 144px; height: 214px;\"><div class=\"tiled-gallery-item tiled-gallery-item-small\"><a href=\"https:\/\/www.kepfenyezo.hu\/blog\/wp-content\/uploads\/2009\/09\/valladolid-12.jpg\"><img data-attachment-id=\"1688\" data-orig-file=\"https:\/\/www.kepfenyezo.hu\/blog\/wp-content\/uploads\/2009\/09\/valladolid-12.jpg\" data-orig-size=\"319,480\" data-comments-opened=\"1\" data-image-meta=\"{&quot;aperture&quot;:&quot;2.8&quot;,&quot;credit&quot;:&quot;Mitcsenkov Attila&quot;,&quot;camera&quot;:&quot;NIKON D300&quot;,&quot;caption&quot;:&quot;&quot;,&quot;created_timestamp&quot;:&quot;1244663806&quot;,&quot;copyright&quot;:&quot;(C) Mitcsenkov Attila (www.kepfenyezo.hu)&quot;,&quot;focal_length&quot;:&quot;35&quot;,&quot;iso&quot;:&quot;200&quot;,&quot;shutter_speed&quot;:&quot;0.000666666666667&quot;,&quot;title&quot;:&quot;&quot;}\" data-image-title=\"valladolid-12\" data-image-description=\"\" data-medium-file=\"https:\/\/www.kepfenyezo.hu\/blog\/wp-content\/uploads\/2009\/09\/valladolid-12-199x300.jpg\" data-large-file=\"https:\/\/www.kepfenyezo.hu\/blog\/wp-content\/uploads\/2009\/09\/valladolid-12.jpg\" src=\"https:\/\/www.kepfenyezo.hu\/blog\/wp-content\/uploads\/2009\/09\/valladolid-12-140x210.jpg\" width=\"140\" height=\"210\" align=\"left\" title=\"valladolid-12\" \/><\/a><\/div><\/div><div class=\"gallery-group images-1\" style=\"width: 144px; height: 214px;\"><div class=\"tiled-gallery-item tiled-gallery-item-small\"><a href=\"https:\/\/www.kepfenyezo.hu\/blog\/wp-content\/uploads\/2009\/09\/valladolid-13.jpg\"><img data-attachment-id=\"1689\" data-orig-file=\"https:\/\/www.kepfenyezo.hu\/blog\/wp-content\/uploads\/2009\/09\/valladolid-13.jpg\" data-orig-size=\"319,480\" data-comments-opened=\"1\" data-image-meta=\"{&quot;aperture&quot;:&quot;4&quot;,&quot;credit&quot;:&quot;Mitcsenkov Attila&quot;,&quot;camera&quot;:&quot;NIKON D300&quot;,&quot;caption&quot;:&quot;&quot;,&quot;created_timestamp&quot;:&quot;1244750050&quot;,&quot;copyright&quot;:&quot;(C) Mitcsenkov Attila (www.kepfenyezo.hu)&quot;,&quot;focal_length&quot;:&quot;105&quot;,&quot;iso&quot;:&quot;100&quot;,&quot;shutter_speed&quot;:&quot;0.002&quot;,&quot;title&quot;:&quot;&quot;}\" data-image-title=\"valladolid-13\" data-image-description=\"\" data-medium-file=\"https:\/\/www.kepfenyezo.hu\/blog\/wp-content\/uploads\/2009\/09\/valladolid-13-199x300.jpg\" data-large-file=\"https:\/\/www.kepfenyezo.hu\/blog\/wp-content\/uploads\/2009\/09\/valladolid-13.jpg\" src=\"https:\/\/www.kepfenyezo.hu\/blog\/wp-content\/uploads\/2009\/09\/valladolid-13-140x210.jpg\" width=\"140\" height=\"210\" align=\"left\" title=\"valladolid-13\" \/><\/a><\/div><\/div><div class=\"gallery-group images-1\" style=\"width: 143px; height: 214px;\"><div class=\"tiled-gallery-item tiled-gallery-item-small\"><a href=\"https:\/\/www.kepfenyezo.hu\/blog\/wp-content\/uploads\/2009\/09\/valladolid-14.jpg\"><img data-attachment-id=\"1690\" data-orig-file=\"https:\/\/www.kepfenyezo.hu\/blog\/wp-content\/uploads\/2009\/09\/valladolid-14.jpg\" data-orig-size=\"319,480\" data-comments-opened=\"1\" data-image-meta=\"{&quot;aperture&quot;:&quot;5.6&quot;,&quot;credit&quot;:&quot;Mitcsenkov Attila&quot;,&quot;camera&quot;:&quot;NIKON D300&quot;,&quot;caption&quot;:&quot;&quot;,&quot;created_timestamp&quot;:&quot;1244913281&quot;,&quot;copyright&quot;:&quot;(C) Mitcsenkov Attila (www.kepfenyezo.hu)&quot;,&quot;focal_length&quot;:&quot;70&quot;,&quot;iso&quot;:&quot;800&quot;,&quot;shutter_speed&quot;:&quot;0.008&quot;,&quot;title&quot;:&quot;&quot;}\" data-image-title=\"valladolid-14\" data-image-description=\"\" data-medium-file=\"https:\/\/www.kepfenyezo.hu\/blog\/wp-content\/uploads\/2009\/09\/valladolid-14-199x300.jpg\" data-large-file=\"https:\/\/www.kepfenyezo.hu\/blog\/wp-content\/uploads\/2009\/09\/valladolid-14.jpg\" src=\"https:\/\/www.kepfenyezo.hu\/blog\/wp-content\/uploads\/2009\/09\/valladolid-14-139x210.jpg\" width=\"139\" height=\"210\" align=\"left\" title=\"valladolid-14\" \/><\/a><\/div><\/div><\/div><div class=\"gallery-row\" style=\"width: 751px; height: 417px;\"><div class=\"gallery-group images-1\" style=\"width: 281px; height: 421px;\"><div class=\"tiled-gallery-item tiled-gallery-item-large\"><a href=\"https:\/\/www.kepfenyezo.hu\/blog\/wp-content\/uploads\/2009\/09\/valladolid-15.jpg\"><img data-attachment-id=\"1691\" data-orig-file=\"https:\/\/www.kepfenyezo.hu\/blog\/wp-content\/uploads\/2009\/09\/valladolid-15.jpg\" data-orig-size=\"319,480\" data-comments-opened=\"1\" data-image-meta=\"{&quot;aperture&quot;:&quot;2.8&quot;,&quot;credit&quot;:&quot;Mitcsenkov Attila&quot;,&quot;camera&quot;:&quot;NIKON D300&quot;,&quot;caption&quot;:&quot;&quot;,&quot;created_timestamp&quot;:&quot;1244895079&quot;,&quot;copyright&quot;:&quot;(C) Mitcsenkov Attila (www.kepfenyezo.hu)&quot;,&quot;focal_length&quot;:&quot;105&quot;,&quot;iso&quot;:&quot;100&quot;,&quot;shutter_speed&quot;:&quot;0.000333333333333&quot;,&quot;title&quot;:&quot;&quot;}\" data-image-title=\"valladolid-15\" data-image-description=\"\" data-medium-file=\"https:\/\/www.kepfenyezo.hu\/blog\/wp-content\/uploads\/2009\/09\/valladolid-15-199x300.jpg\" data-large-file=\"https:\/\/www.kepfenyezo.hu\/blog\/wp-content\/uploads\/2009\/09\/valladolid-15.jpg\" src=\"https:\/\/www.kepfenyezo.hu\/blog\/wp-content\/uploads\/2009\/09\/valladolid-15-277x417.jpg\" width=\"277\" height=\"417\" align=\"left\" title=\"valladolid-15\" \/><\/a><\/div><\/div><div class=\"gallery-group images-2\" style=\"width: 189px; height: 421px;\"><div class=\"tiled-gallery-item tiled-gallery-item-small\"><a href=\"https:\/\/www.kepfenyezo.hu\/blog\/wp-content\/uploads\/2009\/09\/valladolid-16.jpg\"><img data-attachment-id=\"1692\" data-orig-file=\"https:\/\/www.kepfenyezo.hu\/blog\/wp-content\/uploads\/2009\/09\/valladolid-16.jpg\" data-orig-size=\"319,480\" data-comments-opened=\"1\" data-image-meta=\"{&quot;aperture&quot;:&quot;8&quot;,&quot;credit&quot;:&quot;Mitcsenkov Attila&quot;,&quot;camera&quot;:&quot;NIKON D300&quot;,&quot;caption&quot;:&quot;&quot;,&quot;created_timestamp&quot;:&quot;1244914648&quot;,&quot;copyright&quot;:&quot;(C) Mitcsenkov Attila (www.kepfenyezo.hu)&quot;,&quot;focal_length&quot;:&quot;18&quot;,&quot;iso&quot;:&quot;100&quot;,&quot;shutter_speed&quot;:&quot;0.0111111111111&quot;,&quot;title&quot;:&quot;&quot;}\" data-image-title=\"valladolid-16\" data-image-description=\"\" data-medium-file=\"https:\/\/www.kepfenyezo.hu\/blog\/wp-content\/uploads\/2009\/09\/valladolid-16-199x300.jpg\" data-large-file=\"https:\/\/www.kepfenyezo.hu\/blog\/wp-content\/uploads\/2009\/09\/valladolid-16.jpg\" src=\"https:\/\/www.kepfenyezo.hu\/blog\/wp-content\/uploads\/2009\/09\/valladolid-16-185x278.jpg\" width=\"185\" height=\"278\" align=\"left\" title=\"valladolid-16\" \/><\/a><\/div><div class=\"tiled-gallery-item tiled-gallery-item-small\"><a href=\"https:\/\/www.kepfenyezo.hu\/blog\/wp-content\/uploads\/2009\/09\/valladolid-17.jpg\"><img data-attachment-id=\"1693\" data-orig-file=\"https:\/\/www.kepfenyezo.hu\/blog\/wp-content\/uploads\/2009\/09\/valladolid-17.jpg\" data-orig-size=\"640,468\" data-comments-opened=\"1\" data-image-meta=\"{&quot;aperture&quot;:&quot;8&quot;,&quot;credit&quot;:&quot;Mitcsenkov Attila&quot;,&quot;camera&quot;:&quot;NIKON D300&quot;,&quot;caption&quot;:&quot;&quot;,&quot;created_timestamp&quot;:&quot;1244915289&quot;,&quot;copyright&quot;:&quot;(C) Mitcsenkov Attila (www.kepfenyezo.hu)&quot;,&quot;focal_length&quot;:&quot;18&quot;,&quot;iso&quot;:&quot;200&quot;,&quot;shutter_speed&quot;:&quot;0.004&quot;,&quot;title&quot;:&quot;&quot;}\" data-image-title=\"valladolid-17\" data-image-description=\"\" data-medium-file=\"https:\/\/www.kepfenyezo.hu\/blog\/wp-content\/uploads\/2009\/09\/valladolid-17-400x292.jpg\" data-large-file=\"https:\/\/www.kepfenyezo.hu\/blog\/wp-content\/uploads\/2009\/09\/valladolid-17.jpg\" src=\"https:\/\/www.kepfenyezo.hu\/blog\/wp-content\/uploads\/2009\/09\/valladolid-17-185x135.jpg\" width=\"185\" height=\"135\" align=\"left\" title=\"valladolid-17\" \/><\/a><\/div><\/div><div class=\"gallery-group images-1\" style=\"width: 281px; height: 421px;\"><div class=\"tiled-gallery-item tiled-gallery-item-large\"><a href=\"https:\/\/www.kepfenyezo.hu\/blog\/wp-content\/uploads\/2009\/09\/valladolid-18.jpg\"><img data-attachment-id=\"1694\" data-orig-file=\"https:\/\/www.kepfenyezo.hu\/blog\/wp-content\/uploads\/2009\/09\/valladolid-18.jpg\" data-orig-size=\"319,480\" data-comments-opened=\"1\" data-image-meta=\"{&quot;aperture&quot;:&quot;5.6&quot;,&quot;credit&quot;:&quot;Mitcsenkov Attila&quot;,&quot;camera&quot;:&quot;NIKON D300&quot;,&quot;caption&quot;:&quot;&quot;,&quot;created_timestamp&quot;:&quot;1244911452&quot;,&quot;copyright&quot;:&quot;(C) Mitcsenkov Attila (www.kepfenyezo.hu)&quot;,&quot;focal_length&quot;:&quot;38&quot;,&quot;iso&quot;:&quot;100&quot;,&quot;shutter_speed&quot;:&quot;0.00555555555556&quot;,&quot;title&quot;:&quot;&quot;}\" data-image-title=\"valladolid-18\" data-image-description=\"\" data-medium-file=\"https:\/\/www.kepfenyezo.hu\/blog\/wp-content\/uploads\/2009\/09\/valladolid-18-199x300.jpg\" data-large-file=\"https:\/\/www.kepfenyezo.hu\/blog\/wp-content\/uploads\/2009\/09\/valladolid-18.jpg\" src=\"https:\/\/www.kepfenyezo.hu\/blog\/wp-content\/uploads\/2009\/09\/valladolid-18-277x417.jpg\" width=\"277\" height=\"417\" align=\"left\" title=\"valladolid-18\" \/><\/a><\/div><\/div><\/div><div class=\"gallery-row\" style=\"width: 751px; height: 261px;\"><div class=\"gallery-group images-1\" style=\"width: 177px; height: 265px;\"><div class=\"tiled-gallery-item tiled-gallery-item-small\"><a href=\"https:\/\/www.kepfenyezo.hu\/blog\/wp-content\/uploads\/2009\/09\/valladolid-19.jpg\"><img data-attachment-id=\"1695\" data-orig-file=\"https:\/\/www.kepfenyezo.hu\/blog\/wp-content\/uploads\/2009\/09\/valladolid-19.jpg\" data-orig-size=\"319,480\" data-comments-opened=\"1\" data-image-meta=\"{&quot;aperture&quot;:&quot;5.6&quot;,&quot;credit&quot;:&quot;Mitcsenkov Attila&quot;,&quot;camera&quot;:&quot;NIKON D300&quot;,&quot;caption&quot;:&quot;&quot;,&quot;created_timestamp&quot;:&quot;1244912337&quot;,&quot;copyright&quot;:&quot;(C) Mitcsenkov Attila (www.kepfenyezo.hu)&quot;,&quot;focal_length&quot;:&quot;65&quot;,&quot;iso&quot;:&quot;800&quot;,&quot;shutter_speed&quot;:&quot;0.0166666666667&quot;,&quot;title&quot;:&quot;&quot;}\" data-image-title=\"valladolid-19\" data-image-description=\"\" data-medium-file=\"https:\/\/www.kepfenyezo.hu\/blog\/wp-content\/uploads\/2009\/09\/valladolid-19-199x300.jpg\" data-large-file=\"https:\/\/www.kepfenyezo.hu\/blog\/wp-content\/uploads\/2009\/09\/valladolid-19.jpg\" src=\"https:\/\/www.kepfenyezo.hu\/blog\/wp-content\/uploads\/2009\/09\/valladolid-19-173x261.jpg\" width=\"173\" height=\"261\" align=\"left\" title=\"valladolid-19\" \/><\/a><\/div><\/div><div class=\"gallery-group images-1\" style=\"width: 397px; height: 265px;\"><div class=\"tiled-gallery-item tiled-gallery-item-large\"><a href=\"https:\/\/www.kepfenyezo.hu\/blog\/wp-content\/uploads\/2009\/09\/valladolid-20.jpg\"><img data-attachment-id=\"1696\" data-orig-file=\"https:\/\/www.kepfenyezo.hu\/blog\/wp-content\/uploads\/2009\/09\/valladolid-20.jpg\" data-orig-size=\"640,425\" data-comments-opened=\"1\" data-image-meta=\"{&quot;aperture&quot;:&quot;8&quot;,&quot;credit&quot;:&quot;Mitcsenkov Attila&quot;,&quot;camera&quot;:&quot;NIKON D300&quot;,&quot;caption&quot;:&quot;&quot;,&quot;created_timestamp&quot;:&quot;1244842105&quot;,&quot;copyright&quot;:&quot;(C) Mitcsenkov Attila (www.kepfenyezo.hu)&quot;,&quot;focal_length&quot;:&quot;35&quot;,&quot;iso&quot;:&quot;100&quot;,&quot;shutter_speed&quot;:&quot;1&quot;,&quot;title&quot;:&quot;&quot;}\" data-image-title=\"valladolid-20\" data-image-description=\"\" data-medium-file=\"https:\/\/www.kepfenyezo.hu\/blog\/wp-content\/uploads\/2009\/09\/valladolid-20-400x265.jpg\" data-large-file=\"https:\/\/www.kepfenyezo.hu\/blog\/wp-content\/uploads\/2009\/09\/valladolid-20.jpg\" src=\"https:\/\/www.kepfenyezo.hu\/blog\/wp-content\/uploads\/2009\/09\/valladolid-20-393x261.jpg\" width=\"393\" height=\"261\" align=\"left\" title=\"valladolid-20\" \/><\/a><\/div><\/div><div class=\"gallery-group images-1\" style=\"width: 177px; height: 265px;\"><div class=\"tiled-gallery-item tiled-gallery-item-small\"><a href=\"https:\/\/www.kepfenyezo.hu\/blog\/wp-content\/uploads\/2009\/09\/valladolid-21.jpg\"><img data-attachment-id=\"1697\" data-orig-file=\"https:\/\/www.kepfenyezo.hu\/blog\/wp-content\/uploads\/2009\/09\/valladolid-21.jpg\" data-orig-size=\"319,480\" data-comments-opened=\"1\" data-image-meta=\"{&quot;aperture&quot;:&quot;4&quot;,&quot;credit&quot;:&quot;Mitcsenkov Attila&quot;,&quot;camera&quot;:&quot;NIKON D300&quot;,&quot;caption&quot;:&quot;&quot;,&quot;created_timestamp&quot;:&quot;1244841655&quot;,&quot;copyright&quot;:&quot;(C) Mitcsenkov Attila (www.kepfenyezo.hu)&quot;,&quot;focal_length&quot;:&quot;35&quot;,&quot;iso&quot;:&quot;800&quot;,&quot;shutter_speed&quot;:&quot;0.0333333333333&quot;,&quot;title&quot;:&quot;&quot;}\" data-image-title=\"valladolid-21\" data-image-description=\"\" data-medium-file=\"https:\/\/www.kepfenyezo.hu\/blog\/wp-content\/uploads\/2009\/09\/valladolid-21-199x300.jpg\" data-large-file=\"https:\/\/www.kepfenyezo.hu\/blog\/wp-content\/uploads\/2009\/09\/valladolid-21.jpg\" src=\"https:\/\/www.kepfenyezo.hu\/blog\/wp-content\/uploads\/2009\/09\/valladolid-21-173x261.jpg\" width=\"173\" height=\"261\" align=\"left\" title=\"valladolid-21\" \/><\/a><\/div><\/div><\/div><div class=\"gallery-row\" style=\"width: 751px; height: 559px;\"><div class=\"gallery-group images-1\" style=\"width: 376px; height: 563px;\"><div class=\"tiled-gallery-item tiled-gallery-item-large\"><a href=\"https:\/\/www.kepfenyezo.hu\/blog\/wp-content\/uploads\/2009\/09\/valladolid-22.jpg\"><img data-attachment-id=\"1698\" data-orig-file=\"https:\/\/www.kepfenyezo.hu\/blog\/wp-content\/uploads\/2009\/09\/valladolid-22.jpg\" data-orig-size=\"319,480\" data-comments-opened=\"1\" data-image-meta=\"{&quot;aperture&quot;:&quot;4.8&quot;,&quot;credit&quot;:&quot;Mitcsenkov Attila&quot;,&quot;camera&quot;:&quot;NIKON D300&quot;,&quot;caption&quot;:&quot;&quot;,&quot;created_timestamp&quot;:&quot;1244842301&quot;,&quot;copyright&quot;:&quot;(C) Mitcsenkov Attila (www.kepfenyezo.hu)&quot;,&quot;focal_length&quot;:&quot;35&quot;,&quot;iso&quot;:&quot;800&quot;,&quot;shutter_speed&quot;:&quot;0.0666666666667&quot;,&quot;title&quot;:&quot;&quot;}\" data-image-title=\"valladolid-22\" data-image-description=\"\" data-medium-file=\"https:\/\/www.kepfenyezo.hu\/blog\/wp-content\/uploads\/2009\/09\/valladolid-22-199x300.jpg\" data-large-file=\"https:\/\/www.kepfenyezo.hu\/blog\/wp-content\/uploads\/2009\/09\/valladolid-22.jpg\" src=\"https:\/\/www.kepfenyezo.hu\/blog\/wp-content\/uploads\/2009\/09\/valladolid-22.jpg\" width=\"372\" height=\"559\" align=\"left\" title=\"valladolid-22\" \/><\/a><\/div><\/div><div class=\"gallery-group images-1\" style=\"width: 375px; height: 563px;\"><div class=\"tiled-gallery-item tiled-gallery-item-large\"><a href=\"https:\/\/www.kepfenyezo.hu\/blog\/wp-content\/uploads\/2009\/09\/valladolid-23.jpg\"><img data-attachment-id=\"1699\" data-orig-file=\"https:\/\/www.kepfenyezo.hu\/blog\/wp-content\/uploads\/2009\/09\/valladolid-23.jpg\" data-orig-size=\"319,480\" data-comments-opened=\"1\" data-image-meta=\"{&quot;aperture&quot;:&quot;4&quot;,&quot;credit&quot;:&quot;Mitcsenkov Attila&quot;,&quot;camera&quot;:&quot;NIKON D300&quot;,&quot;caption&quot;:&quot;&quot;,&quot;created_timestamp&quot;:&quot;1244843420&quot;,&quot;copyright&quot;:&quot;(C) Mitcsenkov Attila (www.kepfenyezo.hu)&quot;,&quot;focal_length&quot;:&quot;35&quot;,&quot;iso&quot;:&quot;800&quot;,&quot;shutter_speed&quot;:&quot;0.05&quot;,&quot;title&quot;:&quot;&quot;}\" data-image-title=\"valladolid-23\" data-image-description=\"\" data-medium-file=\"https:\/\/www.kepfenyezo.hu\/blog\/wp-content\/uploads\/2009\/09\/valladolid-23-199x300.jpg\" data-large-file=\"https:\/\/www.kepfenyezo.hu\/blog\/wp-content\/uploads\/2009\/09\/valladolid-23.jpg\" src=\"https:\/\/www.kepfenyezo.hu\/blog\/wp-content\/uploads\/2009\/09\/valladolid-23.jpg\" width=\"371\" height=\"559\" align=\"left\" title=\"valladolid-23\" \/><\/a><\/div><\/div><\/div><div class=\"gallery-row\" style=\"width: 751px; height: 330px;\"><div class=\"gallery-group images-1\" style=\"width: 501px; height: 334px;\"><div class=\"tiled-gallery-item tiled-gallery-item-large\"><a href=\"https:\/\/www.kepfenyezo.hu\/blog\/wp-content\/uploads\/2009\/09\/valladolid-24.jpg\"><img data-attachment-id=\"1700\" data-orig-file=\"https:\/\/www.kepfenyezo.hu\/blog\/wp-content\/uploads\/2009\/09\/valladolid-24.jpg\" data-orig-size=\"640,425\" data-comments-opened=\"1\" data-image-meta=\"{&quot;aperture&quot;:&quot;2.8&quot;,&quot;credit&quot;:&quot;Mitcsenkov Attila&quot;,&quot;camera&quot;:&quot;NIKON D300&quot;,&quot;caption&quot;:&quot;&quot;,&quot;created_timestamp&quot;:&quot;1244926899&quot;,&quot;copyright&quot;:&quot;(C) Mitcsenkov Attila (www.kepfenyezo.hu)&quot;,&quot;focal_length&quot;:&quot;105&quot;,&quot;iso&quot;:&quot;2000&quot;,&quot;shutter_speed&quot;:&quot;0.008&quot;,&quot;title&quot;:&quot;&quot;}\" data-image-title=\"valladolid-24\" data-image-description=\"\" data-medium-file=\"https:\/\/www.kepfenyezo.hu\/blog\/wp-content\/uploads\/2009\/09\/valladolid-24-400x265.jpg\" data-large-file=\"https:\/\/www.kepfenyezo.hu\/blog\/wp-content\/uploads\/2009\/09\/valladolid-24.jpg\" src=\"https:\/\/www.kepfenyezo.hu\/blog\/wp-content\/uploads\/2009\/09\/valladolid-24-497x330.jpg\" width=\"497\" height=\"330\" align=\"left\" title=\"valladolid-24\" \/><\/a><\/div><\/div><div class=\"gallery-group images-2\" style=\"width: 250px; height: 334px;\"><div class=\"tiled-gallery-item tiled-gallery-item-small\"><a href=\"https:\/\/www.kepfenyezo.hu\/blog\/wp-content\/uploads\/2009\/09\/valladolid-25.jpg\"><img data-attachment-id=\"1701\" data-orig-file=\"https:\/\/www.kepfenyezo.hu\/blog\/wp-content\/uploads\/2009\/09\/valladolid-25.jpg\" data-orig-size=\"640,425\" data-comments-opened=\"1\" data-image-meta=\"{&quot;aperture&quot;:&quot;2.8&quot;,&quot;credit&quot;:&quot;Mitcsenkov Attila&quot;,&quot;camera&quot;:&quot;NIKON D300&quot;,&quot;caption&quot;:&quot;&quot;,&quot;created_timestamp&quot;:&quot;1244926928&quot;,&quot;copyright&quot;:&quot;(C) Mitcsenkov Attila (www.kepfenyezo.hu)&quot;,&quot;focal_length&quot;:&quot;105&quot;,&quot;iso&quot;:&quot;800&quot;,&quot;shutter_speed&quot;:&quot;0.008&quot;,&quot;title&quot;:&quot;&quot;}\" data-image-title=\"valladolid-25\" data-image-description=\"\" data-medium-file=\"https:\/\/www.kepfenyezo.hu\/blog\/wp-content\/uploads\/2009\/09\/valladolid-25-400x265.jpg\" data-large-file=\"https:\/\/www.kepfenyezo.hu\/blog\/wp-content\/uploads\/2009\/09\/valladolid-25.jpg\" src=\"https:\/\/www.kepfenyezo.hu\/blog\/wp-content\/uploads\/2009\/09\/valladolid-25-246x163.jpg\" width=\"246\" height=\"163\" align=\"left\" title=\"valladolid-25\" \/><\/a><\/div><div class=\"tiled-gallery-item tiled-gallery-item-small\"><a href=\"https:\/\/www.kepfenyezo.hu\/blog\/wp-content\/uploads\/2009\/09\/valladolid-02-400x2651.jpg\"><img data-attachment-id=\"8019\" data-orig-file=\"https:\/\/www.kepfenyezo.hu\/blog\/wp-content\/uploads\/2009\/09\/valladolid-02-400x2651.jpg\" data-orig-size=\"400,265\" data-comments-opened=\"0\" data-image-meta=\"{&quot;aperture&quot;:&quot;0&quot;,&quot;credit&quot;:&quot;&quot;,&quot;camera&quot;:&quot;&quot;,&quot;caption&quot;:&quot;&quot;,&quot;created_timestamp&quot;:&quot;0&quot;,&quot;copyright&quot;:&quot;&quot;,&quot;focal_length&quot;:&quot;0&quot;,&quot;iso&quot;:&quot;0&quot;,&quot;shutter_speed&quot;:&quot;0&quot;,&quot;title&quot;:&quot;&quot;}\" data-image-title=\"Zemanta Related Posts Thumbnail\" data-image-description=\"\" data-medium-file=\"https:\/\/www.kepfenyezo.hu\/blog\/wp-content\/uploads\/2009\/09\/valladolid-02-400x2651.jpg\" data-large-file=\"https:\/\/www.kepfenyezo.hu\/blog\/wp-content\/uploads\/2009\/09\/valladolid-02-400x2651.jpg\" src=\"https:\/\/www.kepfenyezo.hu\/blog\/wp-content\/uploads\/2009\/09\/valladolid-02-400x2651-246x163.jpg\" width=\"246\" height=\"163\" align=\"left\" title=\"Zemanta Related Posts Thumbnail\" \/><\/a><\/div><\/div><\/div><\/div><\/p>\n","protected":false},"excerpt":{"rendered":"<p>A ny\u00e1ron egy konferenci\u00e1n j\u00e1rtam Valladolidban, ebben a sz\u00e9ps\u00e9ges spanyol (kis)v\u00e1rosban. Madridt\u00f3l b\u0151 k\u00e9t \u00f3ra busszal, vonattal kicsit kevesebb &#8211; ha nincs \u00e9ppen vasutassztr\u00e1jk. :) El\u0151sz\u00f6r j\u00e1rtam Spanyolorsz\u00e1gban, de rem\u00e9lhet\u0151leg nem utolj\u00e1ra &#8211; Valladolidot nem jegyzik a legnevesebb turistac\u00e9lpontok k\u00f6z\u00f6tt, de ha a t\u00f6bbi v\u00e1rosuk &#8220;csak&#8221; ennyire vonz\u00f3 hely, m\u00e1r \u00e9rdemes k\u00f6rben\u00e9zni&#8230; Els\u0151sorban a hangulat [&hellip;]<\/p>\n","protected":false},"author":13,"featured_media":0,"comment_status":"open","ping_status":"closed","sticky":false,"template":"","format":"standard","meta":{"_links_to":"","_links_to_target":""},"categories":[96],"tags":[128,469,129],"_links":{"self":[{"href":"https:\/\/www.kepfenyezo.hu\/blog\/wp-json\/wp\/v2\/posts\/1650"}],"collection":[{"href":"https:\/\/www.kepfenyezo.hu\/blog\/wp-json\/wp\/v2\/posts"}],"about":[{"href":"https:\/\/www.kepfenyezo.hu\/blog\/wp-json\/wp\/v2\/types\/post"}],"author":[{"embeddable":true,"href":"https:\/\/www.kepfenyezo.hu\/blog\/wp-json\/wp\/v2\/users\/13"}],"replies":[{"embeddable":true,"href":"https:\/\/www.kepfenyezo.hu\/blog\/wp-json\/wp\/v2\/comments?post=1650"}],"version-history":[{"count":7,"href":"https:\/\/www.kepfenyezo.hu\/blog\/wp-json\/wp\/v2\/posts\/1650\/revisions"}],"predecessor-version":[{"id":2367,"href":"https:\/\/www.kepfenyezo.hu\/blog\/wp-json\/wp\/v2\/posts\/1650\/revisions\/2367"}],"wp:attachment":[{"href":"https:\/\/www.kepfenyezo.hu\/blog\/wp-json\/wp\/v2\/media?parent=1650"}],"wp:term":[{"taxonomy":"category","embeddable":true,"href":"https:\/\/www.kepfenyezo.hu\/blog\/wp-json\/wp\/v2\/categories?post=1650"},{"taxonomy":"post_tag","embeddable":true,"href":"https:\/\/www.kepfenyezo.hu\/blog\/wp-json\/wp\/v2\/tags?post=1650"}],"curies":[{"name":"wp","href":"https:\/\/api.w.org\/{rel}","templated":true}]}}