{"id":7209,"date":"2012-11-27T22:54:35","date_gmt":"2012-11-27T21:54:35","guid":{"rendered":"http:\/\/www.blog.kepfenyezo.hu\/?p=7209"},"modified":"2012-11-27T23:02:45","modified_gmt":"2012-11-27T22:02:45","slug":"igent-mondott","status":"publish","type":"post","link":"https:\/\/www.kepfenyezo.hu\/blog\/jegyesfotozas\/igent-mondott\/","title":{"rendered":"Igent mondott&#8230; :)"},"content":{"rendered":"<p>Vannak angol kifejez\u00e9sek majd minden ter\u00fcleten, amiket neh\u00e9z igaz\u00e1n j\u00f3l magyarra ford\u00edtani. Ilyen az &#8220;engagement session&#8221; kifejez\u00e9s is, a maga eredetileg t\u00f6bbr\u00e9teg\u0171 jelent\u00e9s\u00e9vel. De most v\u00e9gre, p\u00e1lyafut\u00e1sunk sor\u00e1n el\u0151sz\u00f6r igaz\u00e1n, sz\u00f3 szerint is ford\u00edthatn\u00e1nk: eljegyz\u00e9si fot\u00f3z\u00e1son j\u00e1rtam. :)<\/p>\n<p>Ha szerte\u00e1gaz\u00f3an mes\u00e9l\u0151 reg\u00e9ny\u00edr\u00f3 lenn\u00e9k, akkor egy <a title=\"Cristina &amp; G\u00e1bor\" href=\"https:\/\/www.kepfenyezo.hu\/blog\/eskuvo\/cristina-gabor-2012\/\">ny\u00e1ri, visegr\u00e1di est\u00e9vel<\/a> kellene kezdeni a mes\u00e9t&#8230; de most ink\u00e1bb nem mer\u00fcl\u00f6k el a r\u00e9szletekben. :) A fot\u00f3z\u00e1sra elk\u00eds\u00e9rt minket a sof\u0151ri feladatokat is v\u00e1llal\u00f3 bar\u00e1t \u00e9s bar\u00e1tn\u0151. \u00c9s mik\u00f6zben mi Cristin\u00e1t \u00e9s G\u00e1bort fot\u00f3ztuk kint \u00e9s bent, fent \u00e9s lent, a sz\u00edneket l\u00e1that\u00f3an b\u00e1tran \u00e9s j\u00f3l v\u00e1logat\u00f3 Gr\u00e9ta \u00e9s P\u00e9ter \u00e1ltal\u00e1ban csendesen besz\u00e9lgetett a h\u00e1tt\u00e9rben &#8211; \u00a0de a szem\u00fcnk sark\u00e1b\u00f3l az\u00e9rt \u0151ket is figyelemmel k\u00eds\u00e9rt\u00fck. Azut\u00e1n a\u00a0fot\u00f3z\u00e1s legv\u00e9g\u00e9n, a lemen\u0151 nap utols\u00f3 sugarait kihaszn\u00e1lva, k\u00e9t k\u00e9pre maradt m\u00e9g id\u0151nk&#8230; :)<\/p>\n<p style=\"text-align: center;\"><a href=\"https:\/\/www.kepfenyezo.hu\/blog\/wp-content\/uploads\/2012\/11\/greta-peter-001.jpg\"><img loading=\"lazy\" class=\"aligncenter size-large wp-image-7210\" style=\"margin-top: 10px; margin-bottom: 10px;\" title=\"greta-peter-001\" src=\"https:\/\/www.kepfenyezo.hu\/blog\/wp-content\/uploads\/2012\/11\/greta-peter-001-700x465.jpg\" alt=\"\" width=\"700\" height=\"465\" srcset=\"https:\/\/www.kepfenyezo.hu\/blog\/wp-content\/uploads\/2012\/11\/greta-peter-001-700x465.jpg 700w, https:\/\/www.kepfenyezo.hu\/blog\/wp-content\/uploads\/2012\/11\/greta-peter-001-400x266.jpg 400w, https:\/\/www.kepfenyezo.hu\/blog\/wp-content\/uploads\/2012\/11\/greta-peter-001.jpg 800w\" sizes=\"(max-width: 700px) 100vw, 700px\" \/><\/a><a href=\"https:\/\/www.kepfenyezo.hu\/blog\/wp-content\/uploads\/2012\/11\/greta-peter-002.jpg\"><img loading=\"lazy\" class=\"aligncenter size-large wp-image-7211\" style=\"margin-top: 10px; margin-bottom: 10px;\" title=\"greta-peter-002\" src=\"https:\/\/www.kepfenyezo.hu\/blog\/wp-content\/uploads\/2012\/11\/greta-peter-002-700x465.jpg\" alt=\"\" width=\"700\" height=\"465\" srcset=\"https:\/\/www.kepfenyezo.hu\/blog\/wp-content\/uploads\/2012\/11\/greta-peter-002-700x465.jpg 700w, https:\/\/www.kepfenyezo.hu\/blog\/wp-content\/uploads\/2012\/11\/greta-peter-002-400x266.jpg 400w, https:\/\/www.kepfenyezo.hu\/blog\/wp-content\/uploads\/2012\/11\/greta-peter-002.jpg 800w\" sizes=\"(max-width: 700px) 100vw, 700px\" \/><\/a><\/p>\n<p style=\"text-align: left;\">Azut\u00e1n eltelt egy kis id\u0151, \u00e9s egyszer csak kaptam egy telefonh\u00edv\u00e1st. P\u00e9ter volt az. <em>Meglepet\u00e9s, vacsora, \u00e9p\u00fcletfest\u0151s vet\u00edt\u00e9s, l\u00e1nyk\u00e9r\u00e9s. Menn\u00e9k-e?<\/em> Perszehogypersze, nan\u00e1. :) A kih\u00edv\u00e1s sz\u00e9p volt: f\u00e9nyk\u00e9pezz\u00fcnk este, a vet\u00edt\u00e9s miatt lekapcsolt vil\u00e1g\u00edt\u00e1s mellett, t\u00e1volr\u00f3l, hogy ne vegyen \u00e9szre Gr\u00e9ta, hiszen akkor tuti lebuk\u00e1s r\u00f6gt\u00f6n&#8230; de mindez nem sz\u00e1m\u00edt. A l\u00e9nyeg \u00fagyis l\u00e1tszik: meglepet\u00e9s, kiss\u00e9 f\u00e1tyolos tekintet, m\u00e9g f\u00e1tyolosabb hang &#8211; <em>igen<\/em>.<\/p>\n<p style=\"text-align: center;\"><a href=\"https:\/\/www.kepfenyezo.hu\/blog\/wp-content\/uploads\/2012\/11\/greta-peter-eljegyzes-01.jpg\"><img loading=\"lazy\" class=\"aligncenter size-large wp-image-7212\" style=\"margin-top: 10px; margin-bottom: 10px;\" title=\"greta-peter-eljegyzes-01\" src=\"https:\/\/www.kepfenyezo.hu\/blog\/wp-content\/uploads\/2012\/11\/greta-peter-eljegyzes-01-700x526.jpg\" alt=\"\" width=\"700\" height=\"526\" srcset=\"https:\/\/www.kepfenyezo.hu\/blog\/wp-content\/uploads\/2012\/11\/greta-peter-eljegyzes-01-700x526.jpg 700w, https:\/\/www.kepfenyezo.hu\/blog\/wp-content\/uploads\/2012\/11\/greta-peter-eljegyzes-01-398x300.jpg 398w, https:\/\/www.kepfenyezo.hu\/blog\/wp-content\/uploads\/2012\/11\/greta-peter-eljegyzes-01.jpg 800w\" sizes=\"(max-width: 700px) 100vw, 700px\" \/><\/a><a href=\"https:\/\/www.kepfenyezo.hu\/blog\/wp-content\/uploads\/2012\/11\/greta-peter-eljegyzes-02.jpg\"><img loading=\"lazy\" class=\"aligncenter size-large wp-image-7213\" style=\"margin-top: 10px; margin-bottom: 10px;\" title=\"greta-peter-eljegyzes-02\" src=\"https:\/\/www.kepfenyezo.hu\/blog\/wp-content\/uploads\/2012\/11\/greta-peter-eljegyzes-02-700x361.jpg\" alt=\"\" width=\"700\" height=\"361\" srcset=\"https:\/\/www.kepfenyezo.hu\/blog\/wp-content\/uploads\/2012\/11\/greta-peter-eljegyzes-02-700x361.jpg 700w, https:\/\/www.kepfenyezo.hu\/blog\/wp-content\/uploads\/2012\/11\/greta-peter-eljegyzes-02-400x206.jpg 400w, https:\/\/www.kepfenyezo.hu\/blog\/wp-content\/uploads\/2012\/11\/greta-peter-eljegyzes-02.jpg 800w\" sizes=\"(max-width: 700px) 100vw, 700px\" \/><\/a><a href=\"https:\/\/www.kepfenyezo.hu\/blog\/wp-content\/uploads\/2012\/11\/greta-peter-eljegyzes-03.jpg\"><img loading=\"lazy\" class=\"aligncenter size-large wp-image-7214\" style=\"margin-top: 10px; margin-bottom: 10px;\" title=\"greta-peter-eljegyzes-03\" src=\"https:\/\/www.kepfenyezo.hu\/blog\/wp-content\/uploads\/2012\/11\/greta-peter-eljegyzes-03-700x509.jpg\" alt=\"\" width=\"700\" height=\"509\" srcset=\"https:\/\/www.kepfenyezo.hu\/blog\/wp-content\/uploads\/2012\/11\/greta-peter-eljegyzes-03-700x509.jpg 700w, https:\/\/www.kepfenyezo.hu\/blog\/wp-content\/uploads\/2012\/11\/greta-peter-eljegyzes-03-400x291.jpg 400w, https:\/\/www.kepfenyezo.hu\/blog\/wp-content\/uploads\/2012\/11\/greta-peter-eljegyzes-03.jpg 800w\" sizes=\"(max-width: 700px) 100vw, 700px\" \/><\/a><\/p>\n<p style=\"text-align: left;\">Majd p\u00e1r perc m\u00falva a zavarba ejt\u0151 k\u00e9rd\u00e9s a s\u00f6t\u00e9tb\u0151l el\u0151b\u00faj\u00f3 fot\u00f3shoz &#8211; &#8220;\u00c9s te ezt m\u00e1r r\u00e9g tudtad?!&#8221;&#8230; :) Mit mondhatn\u00e9k erre&#8230; igen, de az\u00e9rt azon a ny\u00e1ri visegr\u00e1di est\u00e9n m\u00e9g nem. De ha tudtam volna, m\u00e9g jobban \u00f6r\u00fcltem volna annak a k\u00e9t k\u00e9pnek. :)<\/p>\n<p style=\"text-align: left;\">V\u00e1rjuk a k\u00f6vetkez\u0151 tal\u00e1lkoz\u00e1st, \u00e9s persze addig is legyen itt ez a n\u00e9h\u00e1ny sz\u00e9p, esti v\u00e1rosk\u00e9p egy l\u00e1nyr\u00f3l, aki 10 perce menyasszony lett, \u00e9s egy sr\u00e1cr\u00f3l, aki n\u00e9mi tervezget\u00e9s ut\u00e1n v\u0151leg\u00e9nny\u00e9 l\u00e9pett el\u0151. :)<span style=\"text-align: center;\">\u00a0<\/span><\/p>\n<p style=\"text-align: center;\"><a href=\"https:\/\/www.kepfenyezo.hu\/blog\/wp-content\/uploads\/2012\/11\/greta-peter-eljegyzes-04.jpg\"><img loading=\"lazy\" class=\"aligncenter size-large wp-image-7215\" style=\"margin-top: 25px; margin-bottom: 25px;\" title=\"greta-peter-eljegyzes-04\" src=\"https:\/\/www.kepfenyezo.hu\/blog\/wp-content\/uploads\/2012\/11\/greta-peter-eljegyzes-04-700x526.jpg\" alt=\"\" width=\"700\" height=\"526\" srcset=\"https:\/\/www.kepfenyezo.hu\/blog\/wp-content\/uploads\/2012\/11\/greta-peter-eljegyzes-04-700x526.jpg 700w, https:\/\/www.kepfenyezo.hu\/blog\/wp-content\/uploads\/2012\/11\/greta-peter-eljegyzes-04-398x300.jpg 398w, https:\/\/www.kepfenyezo.hu\/blog\/wp-content\/uploads\/2012\/11\/greta-peter-eljegyzes-04.jpg 800w\" sizes=\"(max-width: 700px) 100vw, 700px\" \/><\/a><a href=\"https:\/\/www.kepfenyezo.hu\/blog\/wp-content\/uploads\/2012\/11\/greta-peter-eljegyzes-05.jpg\"><img loading=\"lazy\" class=\"aligncenter size-large wp-image-7216\" style=\"margin-top: 25px; margin-bottom: 25px;\" title=\"greta-peter-eljegyzes-05\" src=\"https:\/\/www.kepfenyezo.hu\/blog\/wp-content\/uploads\/2012\/11\/greta-peter-eljegyzes-05-700x571.jpg\" alt=\"\" width=\"700\" height=\"571\" srcset=\"https:\/\/www.kepfenyezo.hu\/blog\/wp-content\/uploads\/2012\/11\/greta-peter-eljegyzes-05-700x571.jpg 700w, https:\/\/www.kepfenyezo.hu\/blog\/wp-content\/uploads\/2012\/11\/greta-peter-eljegyzes-05-367x300.jpg 367w, https:\/\/www.kepfenyezo.hu\/blog\/wp-content\/uploads\/2012\/11\/greta-peter-eljegyzes-05.jpg 800w\" sizes=\"(max-width: 700px) 100vw, 700px\" \/><\/a><a href=\"https:\/\/www.kepfenyezo.hu\/blog\/wp-content\/uploads\/2012\/11\/greta-peter-eljegyzes-07.jpg\"><img loading=\"lazy\" class=\"aligncenter size-large wp-image-7218\" style=\"margin-top: 25px; margin-bottom: 25px;\" title=\"greta-peter-eljegyzes-07\" src=\"https:\/\/www.kepfenyezo.hu\/blog\/wp-content\/uploads\/2012\/11\/greta-peter-eljegyzes-07-700x465.jpg\" alt=\"\" width=\"700\" height=\"465\" srcset=\"https:\/\/www.kepfenyezo.hu\/blog\/wp-content\/uploads\/2012\/11\/greta-peter-eljegyzes-07-700x465.jpg 700w, https:\/\/www.kepfenyezo.hu\/blog\/wp-content\/uploads\/2012\/11\/greta-peter-eljegyzes-07-400x266.jpg 400w, https:\/\/www.kepfenyezo.hu\/blog\/wp-content\/uploads\/2012\/11\/greta-peter-eljegyzes-07.jpg 800w\" sizes=\"(max-width: 700px) 100vw, 700px\" \/><\/a><a href=\"https:\/\/www.kepfenyezo.hu\/blog\/wp-content\/uploads\/2012\/11\/greta-peter-eljegyzes-06.jpg\"><img loading=\"lazy\" class=\"aligncenter size-large wp-image-7217\" style=\"margin-top: 25px; margin-bottom: 25px;\" title=\"greta-peter-eljegyzes-06\" src=\"https:\/\/www.kepfenyezo.hu\/blog\/wp-content\/uploads\/2012\/11\/greta-peter-eljegyzes-06-700x526.jpg\" alt=\"\" width=\"700\" height=\"526\" srcset=\"https:\/\/www.kepfenyezo.hu\/blog\/wp-content\/uploads\/2012\/11\/greta-peter-eljegyzes-06-700x526.jpg 700w, https:\/\/www.kepfenyezo.hu\/blog\/wp-content\/uploads\/2012\/11\/greta-peter-eljegyzes-06-398x300.jpg 398w, https:\/\/www.kepfenyezo.hu\/blog\/wp-content\/uploads\/2012\/11\/greta-peter-eljegyzes-06.jpg 800w\" sizes=\"(max-width: 700px) 100vw, 700px\" \/><\/a><a href=\"https:\/\/www.kepfenyezo.hu\/blog\/wp-content\/uploads\/2012\/11\/greta-peter-eljegyzes-08.jpg\"><img loading=\"lazy\" class=\"aligncenter size-large wp-image-7219\" style=\"margin-top: 25px; margin-bottom: 25px;\" title=\"greta-peter-eljegyzes-08\" src=\"https:\/\/www.kepfenyezo.hu\/blog\/wp-content\/uploads\/2012\/11\/greta-peter-eljegyzes-08-700x547.jpg\" alt=\"\" width=\"700\" height=\"547\" srcset=\"https:\/\/www.kepfenyezo.hu\/blog\/wp-content\/uploads\/2012\/11\/greta-peter-eljegyzes-08-700x547.jpg 700w, https:\/\/www.kepfenyezo.hu\/blog\/wp-content\/uploads\/2012\/11\/greta-peter-eljegyzes-08-383x300.jpg 383w, https:\/\/www.kepfenyezo.hu\/blog\/wp-content\/uploads\/2012\/11\/greta-peter-eljegyzes-08.jpg 800w\" sizes=\"(max-width: 700px) 100vw, 700px\" \/><\/a><\/p>\n","protected":false},"excerpt":{"rendered":"<p>Vannak angol kifejez\u00e9sek majd minden ter\u00fcleten, amiket neh\u00e9z igaz\u00e1n j\u00f3l magyarra ford\u00edtani. Ilyen az &#8220;engagement session&#8221; kifejez\u00e9s is, a maga eredetileg t\u00f6bbr\u00e9teg\u0171 jelent\u00e9s\u00e9vel. De most v\u00e9gre, p\u00e1lyafut\u00e1sunk sor\u00e1n el\u0151sz\u00f6r igaz\u00e1n, sz\u00f3 szerint is ford\u00edthatn\u00e1nk: eljegyz\u00e9si fot\u00f3z\u00e1son j\u00e1rtam. :) Ha szerte\u00e1gaz\u00f3an mes\u00e9l\u0151 reg\u00e9ny\u00edr\u00f3 lenn\u00e9k, akkor egy ny\u00e1ri, visegr\u00e1di est\u00e9vel kellene kezdeni a mes\u00e9t&#8230; de most ink\u00e1bb [&hellip;]<\/p>\n","protected":false},"author":13,"featured_media":0,"comment_status":"closed","ping_status":"open","sticky":false,"template":"","format":"standard","meta":{"_links_to":"","_links_to_target":""},"categories":[119],"tags":[471,133,311,314,313,312],"_links":{"self":[{"href":"https:\/\/www.kepfenyezo.hu\/blog\/wp-json\/wp\/v2\/posts\/7209"}],"collection":[{"href":"https:\/\/www.kepfenyezo.hu\/blog\/wp-json\/wp\/v2\/posts"}],"about":[{"href":"https:\/\/www.kepfenyezo.hu\/blog\/wp-json\/wp\/v2\/types\/post"}],"author":[{"embeddable":true,"href":"https:\/\/www.kepfenyezo.hu\/blog\/wp-json\/wp\/v2\/users\/13"}],"replies":[{"embeddable":true,"href":"https:\/\/www.kepfenyezo.hu\/blog\/wp-json\/wp\/v2\/comments?post=7209"}],"version-history":[{"count":11,"href":"https:\/\/www.kepfenyezo.hu\/blog\/wp-json\/wp\/v2\/posts\/7209\/revisions"}],"predecessor-version":[{"id":7225,"href":"https:\/\/www.kepfenyezo.hu\/blog\/wp-json\/wp\/v2\/posts\/7209\/revisions\/7225"}],"wp:attachment":[{"href":"https:\/\/www.kepfenyezo.hu\/blog\/wp-json\/wp\/v2\/media?parent=7209"}],"wp:term":[{"taxonomy":"category","embeddable":true,"href":"https:\/\/www.kepfenyezo.hu\/blog\/wp-json\/wp\/v2\/categories?post=7209"},{"taxonomy":"post_tag","embeddable":true,"href":"https:\/\/www.kepfenyezo.hu\/blog\/wp-json\/wp\/v2\/tags?post=7209"}],"curies":[{"name":"wp","href":"https:\/\/api.w.org\/{rel}","templated":true}]}}