{"id":8746,"date":"2013-11-05T16:47:02","date_gmt":"2013-11-05T15:47:02","guid":{"rendered":"http:\/\/www.blog.kepfenyezo.hu\/?p=8746"},"modified":"2015-02-28T09:49:58","modified_gmt":"2015-02-28T08:49:58","slug":"greta","status":"publish","type":"post","link":"https:\/\/www.kepfenyezo.hu\/blog\/kismama-pocak-fotozas\/greta\/","title":{"rendered":"Gr\u00e9ta"},"content":{"rendered":"<p>\u00dagy hozta az \u00e9let, hogy Gr\u00e9t\u00e1\u00e9kn\u00e1l lassan a kit\u00fcntet\u0151 &#8220;csal\u00e1di fotogr\u00e1fus&#8221; c\u00edmet is megkaphatom&#8230; egy <a title=\"Cristina &amp; G\u00e1bor\" href=\"https:\/\/www.kepfenyezo.hu\/blog\/eskuvo\/cristina-gabor-2012\/\">esk\u00fcv\u0151n <\/a>tal\u00e1lkoztunk el\u0151sz\u00f6r, akkor megjegyeztem magamnak ezt a st\u00edlusos, sz\u00ednes p\u00e1rt&#8230; de az\u00f3ta vannak f\u00e9nyk\u00e9peim a <a title=\"Igent mondott\u2026 :)\" href=\"https:\/\/www.kepfenyezo.hu\/blog\/e-session\/igent-mondott\/\">l\u00e1nyk\u00e9r\u00e9sr\u0151l<\/a>; nagy kedvenc\u00fcnk a t\u00e9li, havas Balaton-felvid\u00e9ki <a title=\"Gr\u00e9ta &amp; P\u00e9ter\" href=\"https:\/\/www.kepfenyezo.hu\/blog\/e-session\/greta-peter\/\">jegyesfot\u00f3z\u00e1s<\/a>; \u00e9s persze ott voltunk az <a title=\"Gr\u00e9ta &amp; P\u00e9ter\" href=\"https:\/\/www.kepfenyezo.hu\/blog\/eskuvo\/greta-peter-2013\/\">esk\u00fcv\u0151n <\/a>is. De az \u00e9let nem \u00e1llt meg az esk\u00fcv\u0151n\u00e9l. :)<\/p>\n<p>Merthogy ahogy teltek a h\u00f3napok, sz\u00e9p lassan egy kismama-fot\u00f3z\u00e1s ideje is el\u00e9rkezett, \u00e9s ism\u00e9t esz\u00fcnkbe jutottunk. \u00d6r\u00f6mmel \u00e9s izgalommal k\u00e9sz\u00fcltem r\u00e1 &#8211; kicsit \u00fagy, mint az els\u0151 esk\u00fcv\u0151i fot\u00f3z\u00e1sokra. \u00daj lehet\u0151s\u00e9g \u00e9s kih\u00edv\u00e1s ez m\u00e9g nekem, nem voltak kor\u00e1bban kismamafot\u00f3im.\u00a0Most m\u00e1r van n\u00e9h\u00e1ny, \u00e9s ez\u00e9rt h\u00e1l\u00e1s vagyok Gr\u00e9t\u00e1nak. R\u00e1j\u00f6ttem, hogy ezt \u00e9n szeretem (szeretn\u00e9m?) folytatni.<\/p>\n<p>Ak\u00e1r \u00edgy, ilyen f\u00e9lig-meddig st\u00fadi\u00f3vil\u00e1g\u00edt\u00e1ssal, de otthoni k\u00f6r\u00fclm\u00e9nyek k\u00f6z\u00f6tt &#8211; ak\u00e1r \u00fagy, ahogy egy\u00e9bk\u00e9nt fot\u00f3zni szoktunk: odakint a szabadban, term\u00e9szetesen f\u00e9ny mellett. Maradt m\u00e9g n\u00e9h\u00e1ny k\u00e9p a fejemben &#8211; eg\u00e9szen m\u00e1s st\u00edlus\u00fa \u00e9s hangulat\u00fa fot\u00f3k is. Sz\u00f3val ha te is bab\u00e1t v\u00e1rsz, \u00e9s szeretn\u00e9l n\u00e9h\u00e1ny k\u00e9pet m\u00e9g g\u00f6mb\u00f6ly\u00f6d\u0151 pocakkal, jelentkezz b\u00e1tran. :)<\/p>\n<pre style=\"text-align: left;\">A k\u00e9pek kattint\u00e1sra kicsit nagyobbra is n\u0151nek!<\/pre>\n<p style=\"text-align: left;\"><a href=\"https:\/\/www.kepfenyezo.hu\/blog\/wp-content\/uploads\/2013\/11\/greta-03.jpg\"><img loading=\"lazy\" class=\"aligncenter size-large wp-image-8749\" style=\"margin-top: 10px; margin-bottom: 10px;\" alt=\"greta-03\" src=\"https:\/\/www.kepfenyezo.hu\/blog\/wp-content\/uploads\/2013\/11\/greta-03-700x525.jpg\" width=\"700\" height=\"525\" srcset=\"https:\/\/www.kepfenyezo.hu\/blog\/wp-content\/uploads\/2013\/11\/greta-03-700x525.jpg 700w, https:\/\/www.kepfenyezo.hu\/blog\/wp-content\/uploads\/2013\/11\/greta-03-400x300.jpg 400w, https:\/\/www.kepfenyezo.hu\/blog\/wp-content\/uploads\/2013\/11\/greta-03.jpg 933w\" sizes=\"(max-width: 700px) 100vw, 700px\" \/><\/a> <a href=\"https:\/\/www.kepfenyezo.hu\/blog\/wp-content\/uploads\/2013\/11\/greta-04.jpg\"><img loading=\"lazy\" class=\"aligncenter size-large wp-image-8750\" style=\"margin-top: 10px; margin-bottom: 10px;\" alt=\"greta-04\" src=\"https:\/\/www.kepfenyezo.hu\/blog\/wp-content\/uploads\/2013\/11\/greta-04-700x525.jpg\" width=\"700\" height=\"525\" srcset=\"https:\/\/www.kepfenyezo.hu\/blog\/wp-content\/uploads\/2013\/11\/greta-04-700x525.jpg 700w, https:\/\/www.kepfenyezo.hu\/blog\/wp-content\/uploads\/2013\/11\/greta-04-400x300.jpg 400w, https:\/\/www.kepfenyezo.hu\/blog\/wp-content\/uploads\/2013\/11\/greta-04.jpg 933w\" sizes=\"(max-width: 700px) 100vw, 700px\" \/><\/a> <a href=\"https:\/\/www.kepfenyezo.hu\/blog\/wp-content\/uploads\/2013\/11\/greta-05.jpg\"><img loading=\"lazy\" class=\"aligncenter size-large wp-image-8751\" style=\"margin-top: 10px; margin-bottom: 10px;\" alt=\"greta-05\" src=\"https:\/\/www.kepfenyezo.hu\/blog\/wp-content\/uploads\/2013\/11\/greta-05-700x466.jpg\" width=\"700\" height=\"466\" srcset=\"https:\/\/www.kepfenyezo.hu\/blog\/wp-content\/uploads\/2013\/11\/greta-05-700x466.jpg 700w, https:\/\/www.kepfenyezo.hu\/blog\/wp-content\/uploads\/2013\/11\/greta-05-400x266.jpg 400w, https:\/\/www.kepfenyezo.hu\/blog\/wp-content\/uploads\/2013\/11\/greta-05.jpg 1050w\" sizes=\"(max-width: 700px) 100vw, 700px\" \/><\/a> <a href=\"https:\/\/www.kepfenyezo.hu\/blog\/wp-content\/uploads\/2013\/11\/greta-07.jpg\"><img loading=\"lazy\" class=\"aligncenter size-large wp-image-8753\" style=\"margin-top: 10px; margin-bottom: 10px;\" alt=\"greta-07\" src=\"https:\/\/www.kepfenyezo.hu\/blog\/wp-content\/uploads\/2013\/11\/greta-07-700x525.jpg\" width=\"700\" height=\"525\" srcset=\"https:\/\/www.kepfenyezo.hu\/blog\/wp-content\/uploads\/2013\/11\/greta-07-700x525.jpg 700w, https:\/\/www.kepfenyezo.hu\/blog\/wp-content\/uploads\/2013\/11\/greta-07-400x300.jpg 400w, https:\/\/www.kepfenyezo.hu\/blog\/wp-content\/uploads\/2013\/11\/greta-07.jpg 933w\" sizes=\"(max-width: 700px) 100vw, 700px\" \/><\/a> <img loading=\"lazy\" class=\"aligncenter size-large wp-image-8756\" style=\"margin-top: 10px; margin-bottom: 10px;\" alt=\"greta-10\" src=\"https:\/\/www.kepfenyezo.hu\/blog\/wp-content\/uploads\/2013\/11\/greta-10-700x525.jpg\" width=\"700\" height=\"525\" srcset=\"https:\/\/www.kepfenyezo.hu\/blog\/wp-content\/uploads\/2013\/11\/greta-10-700x525.jpg 700w, https:\/\/www.kepfenyezo.hu\/blog\/wp-content\/uploads\/2013\/11\/greta-10-400x300.jpg 400w, https:\/\/www.kepfenyezo.hu\/blog\/wp-content\/uploads\/2013\/11\/greta-10.jpg 933w\" sizes=\"(max-width: 700px) 100vw, 700px\" \/><img loading=\"lazy\" class=\"aligncenter size-large wp-image-8757\" style=\"margin-top: 10px; margin-bottom: 10px;\" alt=\"greta-11\" src=\"https:\/\/www.kepfenyezo.hu\/blog\/wp-content\/uploads\/2013\/11\/greta-11-700x466.jpg\" width=\"700\" height=\"466\" srcset=\"https:\/\/www.kepfenyezo.hu\/blog\/wp-content\/uploads\/2013\/11\/greta-11-700x466.jpg 700w, https:\/\/www.kepfenyezo.hu\/blog\/wp-content\/uploads\/2013\/11\/greta-11-400x266.jpg 400w, https:\/\/www.kepfenyezo.hu\/blog\/wp-content\/uploads\/2013\/11\/greta-11.jpg 1050w\" sizes=\"(max-width: 700px) 100vw, 700px\" \/><img loading=\"lazy\" class=\"aligncenter size-large wp-image-8759\" style=\"margin-top: 10px; margin-bottom: 10px;\" alt=\"greta-13\" src=\"https:\/\/www.kepfenyezo.hu\/blog\/wp-content\/uploads\/2013\/11\/greta-13-700x700.jpg\" width=\"700\" height=\"700\" srcset=\"https:\/\/www.kepfenyezo.hu\/blog\/wp-content\/uploads\/2013\/11\/greta-13-700x700.jpg 700w, https:\/\/www.kepfenyezo.hu\/blog\/wp-content\/uploads\/2013\/11\/greta-13-75x75.jpg 75w, https:\/\/www.kepfenyezo.hu\/blog\/wp-content\/uploads\/2013\/11\/greta-13-300x300.jpg 300w, https:\/\/www.kepfenyezo.hu\/blog\/wp-content\/uploads\/2013\/11\/greta-13-150x150.jpg 150w, https:\/\/www.kepfenyezo.hu\/blog\/wp-content\/uploads\/2013\/11\/greta-13.jpg 1050w\" sizes=\"(max-width: 700px) 100vw, 700px\" \/><img loading=\"lazy\" class=\"aligncenter size-large wp-image-8758\" style=\"margin-top: 10px; margin-bottom: 10px;\" alt=\"greta-12\" src=\"https:\/\/www.kepfenyezo.hu\/blog\/wp-content\/uploads\/2013\/11\/greta-12-700x466.jpg\" width=\"700\" height=\"466\" srcset=\"https:\/\/www.kepfenyezo.hu\/blog\/wp-content\/uploads\/2013\/11\/greta-12-700x466.jpg 700w, https:\/\/www.kepfenyezo.hu\/blog\/wp-content\/uploads\/2013\/11\/greta-12-400x266.jpg 400w, https:\/\/www.kepfenyezo.hu\/blog\/wp-content\/uploads\/2013\/11\/greta-12.jpg 1050w\" sizes=\"(max-width: 700px) 100vw, 700px\" \/><a href=\"https:\/\/www.kepfenyezo.hu\/blog\/wp-content\/uploads\/2013\/11\/greta-09.jpg\"><img loading=\"lazy\" class=\"aligncenter size-large wp-image-8755\" style=\"margin-top: 10px; margin-bottom: 10px;\" alt=\"greta-09\" src=\"https:\/\/www.kepfenyezo.hu\/blog\/wp-content\/uploads\/2013\/11\/greta-09-700x466.jpg\" width=\"700\" height=\"466\" srcset=\"https:\/\/www.kepfenyezo.hu\/blog\/wp-content\/uploads\/2013\/11\/greta-09-700x466.jpg 700w, https:\/\/www.kepfenyezo.hu\/blog\/wp-content\/uploads\/2013\/11\/greta-09-400x266.jpg 400w, https:\/\/www.kepfenyezo.hu\/blog\/wp-content\/uploads\/2013\/11\/greta-09.jpg 1050w\" sizes=\"(max-width: 700px) 100vw, 700px\" \/><\/a><a href=\"https:\/\/www.kepfenyezo.hu\/blog\/wp-content\/uploads\/2013\/11\/greta-14.jpg\"><img loading=\"lazy\" class=\"aligncenter size-large wp-image-8760\" style=\"margin-top: 10px; margin-bottom: 10px;\" alt=\"greta-14\" src=\"https:\/\/www.kepfenyezo.hu\/blog\/wp-content\/uploads\/2013\/11\/greta-14-700x466.jpg\" width=\"700\" height=\"466\" srcset=\"https:\/\/www.kepfenyezo.hu\/blog\/wp-content\/uploads\/2013\/11\/greta-14-700x466.jpg 700w, https:\/\/www.kepfenyezo.hu\/blog\/wp-content\/uploads\/2013\/11\/greta-14-400x266.jpg 400w, https:\/\/www.kepfenyezo.hu\/blog\/wp-content\/uploads\/2013\/11\/greta-14.jpg 1050w\" sizes=\"(max-width: 700px) 100vw, 700px\" \/><\/a> <a href=\"https:\/\/www.kepfenyezo.hu\/blog\/wp-content\/uploads\/2013\/11\/greta-15.jpg\"><img loading=\"lazy\" class=\"aligncenter size-large wp-image-8761\" style=\"margin-top: 10px; margin-bottom: 10px;\" alt=\"greta-15\" src=\"https:\/\/www.kepfenyezo.hu\/blog\/wp-content\/uploads\/2013\/11\/greta-15-700x466.jpg\" width=\"700\" height=\"466\" srcset=\"https:\/\/www.kepfenyezo.hu\/blog\/wp-content\/uploads\/2013\/11\/greta-15-700x466.jpg 700w, https:\/\/www.kepfenyezo.hu\/blog\/wp-content\/uploads\/2013\/11\/greta-15-400x266.jpg 400w, https:\/\/www.kepfenyezo.hu\/blog\/wp-content\/uploads\/2013\/11\/greta-15.jpg 1050w\" sizes=\"(max-width: 700px) 100vw, 700px\" \/><\/a><\/p>\n<p>&nbsp;<\/p>\n","protected":false},"excerpt":{"rendered":"<p>\u00dagy hozta az \u00e9let, hogy Gr\u00e9t\u00e1\u00e9kn\u00e1l lassan a kit\u00fcntet\u0151 &#8220;csal\u00e1di fotogr\u00e1fus&#8221; c\u00edmet is megkaphatom&#8230; egy esk\u00fcv\u0151n tal\u00e1lkoztunk el\u0151sz\u00f6r, akkor megjegyeztem magamnak ezt a st\u00edlusos, sz\u00ednes p\u00e1rt&#8230; de az\u00f3ta vannak f\u00e9nyk\u00e9peim a l\u00e1nyk\u00e9r\u00e9sr\u0151l; nagy kedvenc\u00fcnk a t\u00e9li, havas Balaton-felvid\u00e9ki jegyesfot\u00f3z\u00e1s; \u00e9s persze ott voltunk az esk\u00fcv\u0151n is. De az \u00e9let nem \u00e1llt meg az esk\u00fcv\u0151n\u00e9l. :) [&hellip;]<\/p>\n","protected":false},"author":13,"featured_media":0,"comment_status":"closed","ping_status":"open","sticky":false,"template":"","format":"standard","meta":{"_links_to":"","_links_to_target":""},"categories":[429,359],"tags":[33,472,363,362,360,364,466,361],"_links":{"self":[{"href":"https:\/\/www.kepfenyezo.hu\/blog\/wp-json\/wp\/v2\/posts\/8746"}],"collection":[{"href":"https:\/\/www.kepfenyezo.hu\/blog\/wp-json\/wp\/v2\/posts"}],"about":[{"href":"https:\/\/www.kepfenyezo.hu\/blog\/wp-json\/wp\/v2\/types\/post"}],"author":[{"embeddable":true,"href":"https:\/\/www.kepfenyezo.hu\/blog\/wp-json\/wp\/v2\/users\/13"}],"replies":[{"embeddable":true,"href":"https:\/\/www.kepfenyezo.hu\/blog\/wp-json\/wp\/v2\/comments?post=8746"}],"version-history":[{"count":9,"href":"https:\/\/www.kepfenyezo.hu\/blog\/wp-json\/wp\/v2\/posts\/8746\/revisions"}],"predecessor-version":[{"id":8772,"href":"https:\/\/www.kepfenyezo.hu\/blog\/wp-json\/wp\/v2\/posts\/8746\/revisions\/8772"}],"wp:attachment":[{"href":"https:\/\/www.kepfenyezo.hu\/blog\/wp-json\/wp\/v2\/media?parent=8746"}],"wp:term":[{"taxonomy":"category","embeddable":true,"href":"https:\/\/www.kepfenyezo.hu\/blog\/wp-json\/wp\/v2\/categories?post=8746"},{"taxonomy":"post_tag","embeddable":true,"href":"https:\/\/www.kepfenyezo.hu\/blog\/wp-json\/wp\/v2\/tags?post=8746"}],"curies":[{"name":"wp","href":"https:\/\/api.w.org\/{rel}","templated":true}]}}